{"id":87,"date":"2013-09-17T02:47:59","date_gmt":"2013-09-17T01:47:59","guid":{"rendered":"https:\/\/patrick-friedl.de\/wps\/2013\/09\/17\/mainpost-ob-rosenthal-schafft-sprung-in-den-landtag\/"},"modified":"2013-09-17T02:47:59","modified_gmt":"2013-09-17T01:47:59","slug":"mainpost-ob-rosenthal-schafft-sprung-in-den-landtag","status":"publish","type":"post","link":"https:\/\/patrick-friedl.de\/wps\/2013\/09\/17\/mainpost-ob-rosenthal-schafft-sprung-in-den-landtag\/","title":{"rendered":"MAINPOST OB Rosenthal schafft Sprung in den Landtag"},"content":{"rendered":"<p>Oberb\u00fcrgermeister Georg Rosenthal hat es bei der Wahl am Sonntag gepackt: \u00dcber die unterfr\u00e4nkische SPD-Liste zieht er in den Landtag ein. Damit sind mit ihm, dem Stimmkreis-Sieger Oliver J\u00f6rg und Landtagspr\u00e4sidentin Barbara Stamm (beide CSU) wieder drei W\u00fcrzburger im Maximilianeum vertreten. Offiziell ist dieses Ergebnis noch nicht. Doch die vorliegenden Resultate sahen Rosenthal am Montag klar im Landtag. [&#8230;]<\/p>\n<p>F\u00fcr Gr\u00fcnen-Direktkandidat <strong>Patrick Friedl<\/strong> hat es auch diesmal nicht ganz f\u00fcr den Einzug in den Landtag gereicht \u2013 und dies, obwohl er trotz starker Konkurrenz eines Landtagsabgeordneten (J\u00f6rg), eines amtierenden Oberb\u00fcrgermeisters (Rosenthal) und eines ehemaligen OB (Weber) mit gut 16 Prozent ein beachtliches Erststimmen-Ergebnis in W\u00fcrzburg eingefahren hat. Kaufen kann er sich davon nichts. Die Stadt bleibt zwar in Bayern eine gr\u00fcne Hochburg. Und doch konnte <strong>Friedl<\/strong> auf der Unterfranken-Liste den Aschaffenburger Abgeordneten Thomas M\u00fctze aller Voraussicht nach nicht vom zweiten Platz verdr\u00e4ngen.<\/p>\n<p>Vor der Wahl hatten die Gr\u00fcnen auf drei Mandate gehofft \u2013 10,7 Prozent h\u00e4tten sie daf\u00fcr in Unterfranken erreichen m\u00fcssen. Die Zweistelligkeit haben sie im Bezirk wie in ganz Bayern verpasst. <strong>Friedls<\/strong> Manko: Er wird in W\u00fcrzburg stark und auch in anderen Parteien sehr positiv wahrgenommen. In der Region aber ist er zu wenig bekannt.<\/p>\n<p>Aus seiner Entt\u00e4uschung machte W\u00fcrzburgs Gr\u00fcnen\u2013Vorsitzender am Montag keinen Hehl. \u201eIch habe mich lange und gut auf die Landespolitik vorbereitet und h\u00e4tte mich dort sehr gerne eingebracht.\u201c Die Wahl sieht er als verpasste Chance. Nun aber gehe es nahtlos weiter Richtung Bundestagswahl. Am Freitag um 14 Uhr kommt Gr\u00fcnen-Chefin Claudia Roth nach W\u00fcrzburg auf den unteren Markt. [&#8230;]<\/p>\n<p>Weiterlesen auf <a href=\"http:\/\/www.mainpost.de\/regional\/wuerzburg\/Rosenthal-Unterfranken;art735,7681032\" target=\"_blank\" rel=\"alternate noopener noreferrer\">www.mainpost.de<\/a><\/p>\n","protected":false},"excerpt":{"rendered":"<p>Oberb\u00fcrgermeister Georg Rosenthal hat es bei der Wahl am Sonntag gepackt: \u00dcber die unterfr\u00e4nkische SPD-Liste zieht er in den Landtag ein. Damit sind mit ihm, dem Stimmkreis-Sieger Oliver J\u00f6rg und [&hellip;]<\/p>\n","protected":false},"author":-1,"featured_media":0,"comment_status":"open","ping_status":"open","sticky":false,"template":"","format":"standard","meta":{"footnotes":""},"categories":[3],"tags":[],"class_list":["post-87","post","type-post","status-publish","format-standard","hentry","category-landtag"],"_links":{"self":[{"href":"https:\/\/patrick-friedl.de\/wps\/wp-json\/wp\/v2\/posts\/87","targetHints":{"allow":["GET"]}}],"collection":[{"href":"https:\/\/patrick-friedl.de\/wps\/wp-json\/wp\/v2\/posts"}],"about":[{"href":"https:\/\/patrick-friedl.de\/wps\/wp-json\/wp\/v2\/types\/post"}],"author":[{"embeddable":true,"href":"https:\/\/patrick-friedl.de\/wps\/wp-json\/wp\/v2\/users\/2"}],"replies":[{"embeddable":true,"href":"https:\/\/patrick-friedl.de\/wps\/wp-json\/wp\/v2\/comments?post=87"}],"version-history":[{"count":0,"href":"https:\/\/patrick-friedl.de\/wps\/wp-json\/wp\/v2\/posts\/87\/revisions"}],"wp:attachment":[{"href":"https:\/\/patrick-friedl.de\/wps\/wp-json\/wp\/v2\/media?parent=87"}],"wp:term":[{"taxonomy":"category","embeddable":true,"href":"https:\/\/patrick-friedl.de\/wps\/wp-json\/wp\/v2\/categories?post=87"},{"taxonomy":"post_tag","embeddable":true,"href":"https:\/\/patrick-friedl.de\/wps\/wp-json\/wp\/v2\/tags?post=87"}],"curies":[{"name":"wp","href":"https:\/\/api.w.org\/{rel}","templated":true}]}}