{"id":86,"date":"2013-07-20T01:00:00","date_gmt":"2013-07-20T00:00:00","guid":{"rendered":"https:\/\/patrick-friedl.de\/wps\/2013\/07\/20\/mainpost-landtagskandidaten-fast-alle-wollen-den-mindestlohn\/"},"modified":"2013-07-20T01:00:00","modified_gmt":"2013-07-20T00:00:00","slug":"mainpost-landtagskandidaten-fast-alle-wollen-den-mindestlohn","status":"publish","type":"post","link":"https:\/\/patrick-friedl.de\/wps\/2013\/07\/20\/mainpost-landtagskandidaten-fast-alle-wollen-den-mindestlohn\/","title":{"rendered":"MAINPOST Landtagskandidaten: Fast alle wollen den Mindestlohn"},"content":{"rendered":"<p><b>Podiumsdiskussion des DGB zur Wahl<\/b><\/p>\n<p>Knapp zwei Monate vor dem 15. September ist bis auf ein paar Plakate mit Terminen der Parteien vom Landtagswahlkampf noch nicht viel zu sp\u00fcren. Am Donnerstag wollte der DGB von den Kandidaten im Stimmkreis W\u00fcrzburg bei einer Podiumsdiskussion in der Kickers-Gastst\u00e4tte ihre Positionen zum Thema Arbeitswelt, Rente, Bildung und Energiewende h\u00f6ren.<\/p>\n<p>\u201eKlipp und klar \u2013 wo geht\u2019s lang?\u201c lautete der Titel der Veranstaltung, die allerdings so angelegt war, dass es zu einer richtigen Diskussion zwischen den Beteiligten kaum kommen konnte. Eine kurze Vorstellungsrunde, dann jeweils ein kurzes Statement zu den vier Themen \u2013 da waren bei sechs Kandidaten schon mal eineinhalb Stunden rum. [&#8230;]<\/p>\n<p>Mit Rosenthal, Weber und <b>Patrick Friedl (Gr\u00fcne) <\/b>traten vor knapp 60 Zuh\u00f6rern drei Polit-Profis gegen Neulinge an: Neben Klippel und Gerlach sa\u00df f\u00fcr die Linke der 20-j\u00e4hrige Sch\u00fcler und Landtagskandidat Jurij D\u00f6rnh\u00f6fer auf dem Podium. Er beschr\u00e4nkte sich auf das Aufz\u00e4hlen der allgemeinen Positionen seiner Partei zu den einzelnen Themen.<\/p>\n<p>Anders die Profis, die zu jedem Punkt einiges zu sagen hatten. <b>Patrick Friedl<\/b> zum Beispiel bei seinem Spezialthema Energiewende, als er gegen Bundes- und Staatsregierung vom Leder zog: \u201eKernproblem bei der Energiewende ist, dass schwarz-gelb regiert\u201c, sagte <b>Friedl<\/b>. Die Initiative von Ministerpr\u00e4sident Seehofer, Windr\u00e4der m\u00fcssten k\u00fcnftig einen Abstand von 2000 Metern zu Wohnh\u00e4usern einhalten, sei eine reine \u201eWahlkampf-Nebelkerze\u201c, so <b>Friedl<\/b>: \u201eDamit w\u00e4re die komplette Binnen-Windkraft in Deutschland tot.\u201c<\/p>\n<p>Mehr auf <a href=\"http:\/\/www.mainpost.de\/regional\/wuerzburg\/Landtagskandidaten-Fast-alle-wollen-den-Mindestlohn;art735,7584458\" target=\"_blank\" rel=\"noopener noreferrer\">www.mainpost.de<\/a><\/p>\n","protected":false},"excerpt":{"rendered":"<p>Podiumsdiskussion des DGB zur Wahl Knapp zwei Monate vor dem 15. September ist bis auf ein paar Plakate mit Terminen der Parteien vom Landtagswahlkampf noch nicht viel zu sp\u00fcren. Am [&hellip;]<\/p>\n","protected":false},"author":-1,"featured_media":0,"comment_status":"open","ping_status":"open","sticky":false,"template":"","format":"standard","meta":{"footnotes":""},"categories":[3],"tags":[],"class_list":["post-86","post","type-post","status-publish","format-standard","hentry","category-landtag"],"_links":{"self":[{"href":"https:\/\/patrick-friedl.de\/wps\/wp-json\/wp\/v2\/posts\/86","targetHints":{"allow":["GET"]}}],"collection":[{"href":"https:\/\/patrick-friedl.de\/wps\/wp-json\/wp\/v2\/posts"}],"about":[{"href":"https:\/\/patrick-friedl.de\/wps\/wp-json\/wp\/v2\/types\/post"}],"author":[{"embeddable":true,"href":"https:\/\/patrick-friedl.de\/wps\/wp-json\/wp\/v2\/users\/2"}],"replies":[{"embeddable":true,"href":"https:\/\/patrick-friedl.de\/wps\/wp-json\/wp\/v2\/comments?post=86"}],"version-history":[{"count":0,"href":"https:\/\/patrick-friedl.de\/wps\/wp-json\/wp\/v2\/posts\/86\/revisions"}],"wp:attachment":[{"href":"https:\/\/patrick-friedl.de\/wps\/wp-json\/wp\/v2\/media?parent=86"}],"wp:term":[{"taxonomy":"category","embeddable":true,"href":"https:\/\/patrick-friedl.de\/wps\/wp-json\/wp\/v2\/categories?post=86"},{"taxonomy":"post_tag","embeddable":true,"href":"https:\/\/patrick-friedl.de\/wps\/wp-json\/wp\/v2\/tags?post=86"}],"curies":[{"name":"wp","href":"https:\/\/api.w.org\/{rel}","templated":true}]}}