{"id":85,"date":"2010-11-29T00:00:00","date_gmt":"2010-11-29T00:00:00","guid":{"rendered":"https:\/\/patrick-friedl.de\/wps\/2010\/11\/29\/mainpost-klima-allianz-demonstriert-mit-vielen-hundert-menschen-gegen-atomkraft\/"},"modified":"2010-11-29T00:00:00","modified_gmt":"2010-11-29T00:00:00","slug":"mainpost-klima-allianz-demonstriert-mit-vielen-hundert-menschen-gegen-atomkraft","status":"publish","type":"post","link":"https:\/\/patrick-friedl.de\/wps\/2010\/11\/29\/mainpost-klima-allianz-demonstriert-mit-vielen-hundert-menschen-gegen-atomkraft\/","title":{"rendered":"MAINPOST Klima-Allianz demonstriert mit vielen hundert Menschen gegen Atomkraft"},"content":{"rendered":"<p><strong>\u201eWind und Sonne schicken keine Rechnung.\u201c<\/strong><\/p>\n<p>Das sagte Hildegard Eisenmann am Samstag bei der Demonstration \u201eAtomkraft killt Klimaschutz \u2013 Erneuerbare jetzt!\u201c. Die Klima-Allianz rief alle Menschen aus der Region auf, f\u00fcr erneuerbare Energien und gegen Atomkraft auf die Stra\u00dfe zu gehen. Dem Aufruf folgten laut Veranstalter rund 650 Menschen. Unter den Kl\u00e4ngen von Samba Osenga liefen sie gemeinsam vom Bahnhof \u00fcber die Kaiser-, Theater- und Spiegelstra\u00dfe zur Juliuspromenade.<\/p>\n<p>[&#8230;] Stadtrat <strong>Patrick Friedl<\/strong> (B\u00fcndnis 90 Die Gr\u00fcnen) nannte die Entscheidung des Bundesrats \u201eeine Rolle r\u00fcckw\u00e4rts in der Energiepolitik\u201c. Es sei technisch machbar, in den n\u00e4chsten Jahrzehnten auf erneuerbare Energien umzusteigen. \u201eFangen wir jetzt damit an\u201c, forderte er unter dem Beifall der Zuh\u00f6rer auf.<\/p>\n<p>Weiterlesen auf <a href=\"http:\/\/www.mainpost.de\/regional\/wuerzburg\/Klima-Allianz-demonstriert-mit-vielen-hundert-Menschen-gegen-Atomkraft;art735,5846358\" target=\"_blank\" rel=\"noopener noreferrer\">www.mainpost.de<\/a><\/p>\n","protected":false},"excerpt":{"rendered":"<p>\u201eWind und Sonne schicken keine Rechnung.\u201c Das sagte Hildegard Eisenmann am Samstag bei der Demonstration \u201eAtomkraft killt Klimaschutz \u2013 Erneuerbare jetzt!\u201c. Die Klima-Allianz rief alle Menschen aus der Region auf, [&hellip;]<\/p>\n","protected":false},"author":-1,"featured_media":0,"comment_status":"open","ping_status":"open","sticky":false,"template":"","format":"standard","meta":{"footnotes":""},"categories":[3],"tags":[],"class_list":["post-85","post","type-post","status-publish","format-standard","hentry","category-landtag"],"_links":{"self":[{"href":"https:\/\/patrick-friedl.de\/wps\/wp-json\/wp\/v2\/posts\/85","targetHints":{"allow":["GET"]}}],"collection":[{"href":"https:\/\/patrick-friedl.de\/wps\/wp-json\/wp\/v2\/posts"}],"about":[{"href":"https:\/\/patrick-friedl.de\/wps\/wp-json\/wp\/v2\/types\/post"}],"author":[{"embeddable":true,"href":"https:\/\/patrick-friedl.de\/wps\/wp-json\/wp\/v2\/users\/2"}],"replies":[{"embeddable":true,"href":"https:\/\/patrick-friedl.de\/wps\/wp-json\/wp\/v2\/comments?post=85"}],"version-history":[{"count":0,"href":"https:\/\/patrick-friedl.de\/wps\/wp-json\/wp\/v2\/posts\/85\/revisions"}],"wp:attachment":[{"href":"https:\/\/patrick-friedl.de\/wps\/wp-json\/wp\/v2\/media?parent=85"}],"wp:term":[{"taxonomy":"category","embeddable":true,"href":"https:\/\/patrick-friedl.de\/wps\/wp-json\/wp\/v2\/categories?post=85"},{"taxonomy":"post_tag","embeddable":true,"href":"https:\/\/patrick-friedl.de\/wps\/wp-json\/wp\/v2\/tags?post=85"}],"curies":[{"name":"wp","href":"https:\/\/api.w.org\/{rel}","templated":true}]}}