{"id":823,"date":"2023-10-20T09:22:03","date_gmt":"2023-10-20T08:22:03","guid":{"rendered":"https:\/\/patrick-friedl.de\/wps\/2023\/10\/20\/friedl-alleen-wirksam-schuetzen\/"},"modified":"2023-10-20T09:22:03","modified_gmt":"2023-10-20T08:22:03","slug":"friedl-alleen-wirksam-schuetzen","status":"publish","type":"post","link":"https:\/\/patrick-friedl.de\/wps\/2023\/10\/20\/friedl-alleen-wirksam-schuetzen\/","title":{"rendered":"Friedl: Alleen wirksam sch\u00fctzen!"},"content":{"rendered":"<img loading=\"lazy\" decoding=\"async\" class=\" size-full wp-image-822\" src=\"http:\/\/patrick-friedl.de\/wps\/wp-content\/uploads\/2023\/10\/20231020_Seinsheimstrae_Wrzburg_-_Allee-scaled.jpg\" alt=\"\" class=\"caption\" title=\"Die Seinsheimstra\u00dfe in W\u00fcrzburg. Alleeb\u00e4ume filtern Abgase und wirken wie nat\u00fcrliche Klimaanlagen am Stra\u00dfenrand.\" width=\"2560\" height=\"1920\" srcset=\"https:\/\/patrick-friedl.de\/wps\/wp-content\/uploads\/2023\/10\/20231020_Seinsheimstrae_Wrzburg_-_Allee-scaled.jpg 2560w, https:\/\/patrick-friedl.de\/wps\/wp-content\/uploads\/2023\/10\/20231020_Seinsheimstrae_Wrzburg_-_Allee-300x225.jpg 300w, https:\/\/patrick-friedl.de\/wps\/wp-content\/uploads\/2023\/10\/20231020_Seinsheimstrae_Wrzburg_-_Allee-1024x768.jpg 1024w, https:\/\/patrick-friedl.de\/wps\/wp-content\/uploads\/2023\/10\/20231020_Seinsheimstrae_Wrzburg_-_Allee-768x576.jpg 768w, https:\/\/patrick-friedl.de\/wps\/wp-content\/uploads\/2023\/10\/20231020_Seinsheimstrae_Wrzburg_-_Allee-1536x1152.jpg 1536w, https:\/\/patrick-friedl.de\/wps\/wp-content\/uploads\/2023\/10\/20231020_Seinsheimstrae_Wrzburg_-_Allee-2048x1536.jpg 2048w\" sizes=\"auto, (max-width: 2560px) 100vw, 2560px\" \/>\n<p><strong>Gr\u00fcnen-MdL Patrick Friedl fordert anl\u00e4sslich des Tags der Alleen einen besseren Schutz und die sofortige Kartierung der vorhandenen Alleen und einseitiger Baumreihen in Bayern<\/strong><\/p>\n<p>Der Tag der Alleen am 20. Oktober ist ein Feiertag f\u00fcr eine der sch\u00f6nsten Formen von Klimaanpassung sowie Klima- und Naturschutz. Alleen pr\u00e4gen die Landschaft, sie vernetzen Lebensr\u00e4ume und sind selbst wichtiger Lebensraum f\u00fcr V\u00f6gel und Insekten.<\/p>\n<p>Gr\u00fcnen-Landtagsabgeordneter Patrick Friedl, Sprecher f\u00fcr Naturschutz seiner Fraktion: Alleeb\u00e4ume filtern Abgase und wirken wie nat\u00fcrliche Klimaanlagen am Stra\u00dfenrand. Wer an einem hei\u00dfen Sommertag zu Fu\u00df oder auf dem Fahrrad in den Genuss des Schattens von Alleeb\u00e4umen kommt, merkt einen erheblichen Unterschied zum Hitzeerleben auf hei\u00dfem Asphalt. Im hitzegeplagten W\u00fcrzburg ist dieser Effekt beispielsweise in der Seinsheimstra\u00dfe (siehe Foto) deutlich zu sp\u00fcren.<\/p>\n<p>Die Sommermonate Juni bis August 2023 waren weltweit die hei\u00dfesten seit Beginn der Aufzeichnungen. Die Temperaturen lagen noch einmal deutlich h\u00f6her als im bisherigen Rekordjahr 2019 (<a href=\"https:\/\/www.tagesschau.de\/ausland\/europa\/eu-klimawandel-sommer-100.html\" target=\"_blank\" rel=\"noopener noreferrer\">Quelle: Tagesschau<\/a>).<\/p>\n<p>Patrick Friedl: \u201eAlleen sind unverzichtbar, wenn wir wirksam dem Klimaerhitzung mit seinen Wetterextremen an unseren Stra\u00dfen und Wegen etwas entgegensetzen wollen. Leider ist der Alleenbestand in Bayern, verglichen mit anderen Bundesl\u00e4ndern, ziemlich d\u00fcrftig.\u201c Dies best\u00e4tigt eine <a href=\"https:\/\/www.hnee.de\/de\/Fachbereiche\/Landschaftsnutzung-und-Naturschutz\/Forschung\/Forschungsprojekte\/Abgeschlossene-Projekte\/Alleen-als-schtzenswerte-Landschaftselemente\/Forschungsprojekt-Alleen-als-schtzenswerte-Landschaftselemente-Bundesweite-Erfassung-und-Sicherung-von-Alleen-2019-2022-E10248.htm\" target=\"_blank\" rel=\"noopener noreferrer\">Untersuchung der \u201eHochschule f\u00fcr nachhaltige Entwicklung Eberswalde\u201c<\/a>.<\/p>\n<p>Friedl: \u201eUmso unverst\u00e4ndlicher, wie wenig die S\u00f6der-Regierung von den Alleen in Bayern wei\u00df.\u201c Dies ergab eine Antwort auf die <a href=\"https:\/\/www.patrick-friedl.de\/cms\/images\/pdf\/2023_09_Anfrage_Friedl_Alleen_fuer_Bayern_Antwort_StMB_Verkehrsminister_Bernreiter.pdf\" target=\"_blank\" rel=\"noopener noreferrer\">Schriftliche Anfrage von MdL Friedl vom 21. August 2023<\/a>. Patrick Friedl: \u201eDie Staatsregierung handelt offenbar gem\u00e4\u00df dem Motto \u201eWas ich nicht wei\u00df, macht mich nicht hei\u00df\u201c. Denn wie soll sie sch\u00fctzen, von dem sie nicht wei\u00df, wo es sich befindet?\u201c Ausweislich der Antworten hat sie keine Daten zu Anzahl, Standort, Pflanzungen, F\u00e4llungen oder zum Schutzstatus der Allen an den staatseigenen Stra\u00dfen. Weder hat sie vor, das in Zukunft zu \u00e4ndern, noch unterst\u00fctzt sie die Kommunen durch klare F\u00f6rderstrukturen bei Anlage, Schutz und Pflege von Alleen. Naturschutzpolitiker Friedl: \u201eDabei ist der Alleenschutz dank des erfolgreichen Volksbegehrens \u201eRettet die Bienen\u201c l\u00e4ngst ausdr\u00fccklich im Bayerischen Naturschutzgesetz festgeschrieben.\u201c<\/p>\n<p><!--more--><\/p>\n<p>\u201eSobald der neugew\u00e4hlte Landtag seine Arbeit wieder aufnimmt, werde ich die Staatsregierung mittels Antrag erneut dazu auffordern, die Alleen und Baumreihen in Bayern ordentlich zu erfassen und dann besser zu sch\u00fctzen\u201c, so Friedl.<\/p>\n<p>Diese \u201eAugen zu und durch\u201c hat leider l\u00e4ngst einen Teufelskreis in Bayern in Gang gesetzt: Gro\u00dfe Alleeb\u00e4ume mit ihrer Wirkung f\u00fcr die umgebende Natur und das Mikroklima zu ersetzen, braucht Jahrzehnte. Das tiefreichende Wurzelwerk und die ausladende Baumkrone eines alten Baumes m\u00fcssen unbedingt vor Kahlschlag, Tausalz und Ackergiften gesch\u00fctzt werden. MdL Friedl: \u201eDaf\u00fcr m\u00fcssen diese B\u00e4ume kartiert werden und das Augenmerk aller Stra\u00dfens\u00e4ume und Wegr\u00e4nder Pflegenden auf den besonderen Schutz von Alleen und Baumreihen gelenkt werden.\u201c<\/p>\n<p><a href=\"https:\/\/www.bayern.landtag.de\/www\/ElanTextAblage_WP18\/Drucksachen\/Basisdrucksachen\/0000004000\/0000004157.pdf\" target=\"_blank\" rel=\"noopener noreferrer\">Link zum alten Antrag<\/a>.<\/p>\n<p><a href=\"https:\/\/www.patrick-friedl.de\/cms\/images\/pdf\/2023_09_Anfrage_Friedl_Alleen_fuer_Bayern_Antwort_StMB_Verkehrsminister_Bernreiter.pdf\" target=\"_blank\" rel=\"noopener noreferrer\">Link zur Anfrage<\/a>.<\/p>\n","protected":false},"excerpt":{"rendered":"<p>Gr\u00fcnen-MdL Patrick Friedl fordert anl\u00e4sslich des Tags der Alleen einen besseren Schutz und die sofortige Kartierung der vorhandenen Alleen und einseitiger Baumreihen in Bayern Der Tag der Alleen am 20. [&hellip;]<\/p>\n","protected":false},"author":-1,"featured_media":822,"comment_status":"open","ping_status":"open","sticky":false,"template":"","format":"standard","meta":{"footnotes":""},"categories":[32],"tags":[],"class_list":["post-823","post","type-post","status-publish","format-standard","has-post-thumbnail","hentry","category-pressemitteilungen-naturschutz"],"_links":{"self":[{"href":"https:\/\/patrick-friedl.de\/wps\/wp-json\/wp\/v2\/posts\/823","targetHints":{"allow":["GET"]}}],"collection":[{"href":"https:\/\/patrick-friedl.de\/wps\/wp-json\/wp\/v2\/posts"}],"about":[{"href":"https:\/\/patrick-friedl.de\/wps\/wp-json\/wp\/v2\/types\/post"}],"author":[{"embeddable":true,"href":"https:\/\/patrick-friedl.de\/wps\/wp-json\/wp\/v2\/users\/8"}],"replies":[{"embeddable":true,"href":"https:\/\/patrick-friedl.de\/wps\/wp-json\/wp\/v2\/comments?post=823"}],"version-history":[{"count":0,"href":"https:\/\/patrick-friedl.de\/wps\/wp-json\/wp\/v2\/posts\/823\/revisions"}],"wp:featuredmedia":[{"embeddable":true,"href":"https:\/\/patrick-friedl.de\/wps\/wp-json\/wp\/v2\/media\/822"}],"wp:attachment":[{"href":"https:\/\/patrick-friedl.de\/wps\/wp-json\/wp\/v2\/media?parent=823"}],"wp:term":[{"taxonomy":"category","embeddable":true,"href":"https:\/\/patrick-friedl.de\/wps\/wp-json\/wp\/v2\/categories?post=823"},{"taxonomy":"post_tag","embeddable":true,"href":"https:\/\/patrick-friedl.de\/wps\/wp-json\/wp\/v2\/tags?post=823"}],"curies":[{"name":"wp","href":"https:\/\/api.w.org\/{rel}","templated":true}]}}