{"id":821,"date":"2023-10-20T17:35:27","date_gmt":"2023-10-20T16:35:27","guid":{"rendered":"https:\/\/patrick-friedl.de\/wps\/2023\/10\/20\/friedl-vorrang-fuer-wasserschutz-in-bayern-zu-glaubers-forderung-560-millionen-jaehrlich-fuer-wasserschutz-in-bayern\/"},"modified":"2023-10-20T17:35:27","modified_gmt":"2023-10-20T16:35:27","slug":"friedl-vorrang-fuer-wasserschutz-in-bayern-zu-glaubers-forderung-560-millionen-jaehrlich-fuer-wasserschutz-in-bayern","status":"publish","type":"post","link":"https:\/\/patrick-friedl.de\/wps\/2023\/10\/20\/friedl-vorrang-fuer-wasserschutz-in-bayern-zu-glaubers-forderung-560-millionen-jaehrlich-fuer-wasserschutz-in-bayern\/","title":{"rendered":"Friedl: Vorrang f\u00fcr Wasserschutz in Bayern &#8211; zu Glaubers Forderung 560 Millionen j\u00e4hrlich f\u00fcr Wasserschutz in Bayern"},"content":{"rendered":"<p><b>Gr\u00fcnen-MdL Friedl fordert von der neuen Staatsregierung wirksamen Wasserschutz<\/b><\/p>\n<p>Patrick Friedl, Fachpolitiker f\u00fcr Klimaanpassung: \u201eNach f\u00fcnf Jahren intensiver parlamentarischer Arbeit der Gr\u00fcnen-Fraktion hat es Umweltminister Thorsten Glauber endlich kapiert: Wasserschutz muss endlich Vorrang auch beim Handeln bekommen in Bayern! Dies muss sich in harten Fakten und Zahlen im Bayerischen Landeshaushalt jetzt widerspiegeln.\u201c Dies best\u00e4tigt \u00fcberraschenderweise ein Bericht aus dem Umweltministeriums zu einem Berichtsantrag der Regierungsfraktionen von CSU und Freien W\u00e4hlern <a href=\"https:\/\/www.bayern.landtag.de\/www\/ElanTextAblage_WP18\/Drucksachen\/Folgedrucksachen\/0000022000\/0000022474.pdf\" target=\"_blank\" rel=\"noopener noreferrer\">(Drucksache 18\/29578)<\/a> der vom Umweltminister unterzeichnet wurde.<\/p>\n<p>Dort hei\u00dft es im Fazit w\u00f6rtlich: \u201eDie Herausforderungen im Umgang mit den Folgen des Klimawandels im Bereich Wasser sind enorm und der Bedarf an Ressourcen in der Wasserwirtschaftsverwaltung entsprechend gro\u00df. [\u2026] Es wird zunehmend deutlich, dass dazu die vorhandenen Stellen und Mittel nicht ausreichen.\u00a0<b>Eine erste Sch\u00e4tzung im Jahr 2022 hat ergeben, dass j\u00e4hrlich bis zu rund 560 Millionen Euro und etwa 500 Stellen allein im Bereich der Wasserwirtschaft erforderlich sind. [\u2026] Die gesch\u00e4tzten Kosten sind jedoch in Relation zu den prognostizierten Folgekosten des Klimawandels in Bayern vergleichsweise gering.<\/b>\u201c<\/p>\n<p>Friedl: \u201eIch freue mich sehr, dass unsere beharrlichen Antr\u00e4ge und Anfragen im Umweltministerium endlich auch in konkreten Fragen der Umsetzung von Wasserschutz etwas bewirkt haben. Zuletzt im Juni wurde <a href=\"https:\/\/www.bayern.landtag.de\/www\/ElanTextAblage_WP18\/Drucksachen\/Basisdrucksachen\/0000018000\/0000018497.pdf\" target=\"_blank\" rel=\"noopener noreferrer\">unser Dringlichkeitsantrag<\/a> mit den wichtigsten Forderungen in Form eines Sechs-Punkte-Plans noch abgelehnt. Dort hatten wir genau diese Notwendigkeiten benannt und Abhilfe gefordert. Jetzt schwenkt Glauber ein und best\u00e4tigt unsere Forderungen nahezu vollumf\u00e4nglich.\u201c<\/p>\n<p><!--more--><\/p>\n<p>Jetzt m\u00fcsse sich zeigen wie viel Gewicht der Umweltminister in der neuen Staatsregierung erh\u00e4lt. Patrick Friedl: \u201eVorrang f\u00fcr Wasserschutz in Bayern muss ein Schwerpunkt im neuen Koalitionsvertrag ist dringend n\u00f6tig. Im n\u00e4chsten Doppelhaushalt kommt es dann zum Schwur. Um k\u00fcnftig die von Glauber geforderten \u00fcber 500 Millionen Euro j\u00e4hrlich zu erreichen, muss es eine erhebliche Steigerung im Umwelthaushalt bei den Mitteln und beim Personal geben. Ich erwarte, dass der Umweltminister sich hier durchsetzt, sonst w\u00e4re dies bereits ein Fehlstart der \u201eneuen\u201c Koalition!\u201c<\/p>\n<p>Friedl: \u201eInsbesondere auch regional ist schnelles Handeln gefragt: so beim weiteren Schutz der Zeller Quellen, um die wertvolle Ressource hochwertiges Trinkwasser f\u00fcr uns f\u00fcr zuk\u00fcnftige Generationen zu erhalten. Hier muss auch aus dem Umweltministerium der Druck auf den Landrat verst\u00e4rkt werden, die Unterlagen zur Erweiterung des Wassereinzugsgebiets endlich auszulegen! &#8211; Auch braucht Unterfranken dringend wieder ein drittes Wasserwirtschaftsamt in W\u00fcrzburg, um die gro\u00dfen Herausforderungen von Trockenheit, Wasserarmut und Grundwasserbelastung in den Griff zu bekommen. Statt Wolkenkuckucksheime wie Wasser vom Bodensee und gro\u00dfe milliardenschwere \u00dcberleitungsbauwerke als L\u00f6sung f\u00fcr Unterfranken zu behaupten, brauchen wir umfassenden Schutz unserer heimischen Grundwasservorkommen. Hier bietet sich auch als Chance eine verst\u00e4rkte Kooperation mit der Landwirtschaft, um die Nitratbelastung m\u00f6glichst zu senken.<\/p>\n<p>Friedl: \u201eThorsten Glauber missachtet bislang selbst beauftragte Gutachten, statt sie umzusetzen. Doch gerade beim Thema Wasser ist schnelles Handeln angesagt. Wir brauchen in Bayern wirksamen Wasserschutz, gesicherte Trinkwasserversorgung, umfassende Wasserschutzgebiete, digitale Grundwassererfassung, starke Wasserwirtschafts\u00e4mter, Grau- und Brauchwassernutzung, Schwammst\u00e4dte und -landschaften, renaturierte Auen und Moore und eine fl\u00e4chendeckende Sturzflutvorsorge. Von den Ank\u00fcndigungen der Staatsregierung haben wir genug, wir wollen Taten sehen &#8211; ganz besonders im D\u00fcrre geplagten Unterfranken.\u201c<\/p>\n","protected":false},"excerpt":{"rendered":"<p>Gr\u00fcnen-MdL Friedl fordert von der neuen Staatsregierung wirksamen Wasserschutz Patrick Friedl, Fachpolitiker f\u00fcr Klimaanpassung: \u201eNach f\u00fcnf Jahren intensiver parlamentarischer Arbeit der Gr\u00fcnen-Fraktion hat es Umweltminister Thorsten Glauber endlich kapiert: Wasserschutz [&hellip;]<\/p>\n","protected":false},"author":-1,"featured_media":820,"comment_status":"open","ping_status":"open","sticky":false,"template":"","format":"standard","meta":{"footnotes":""},"categories":[31],"tags":[],"class_list":["post-821","post","type-post","status-publish","format-standard","has-post-thumbnail","hentry","category-pressemitteilungen"],"_links":{"self":[{"href":"https:\/\/patrick-friedl.de\/wps\/wp-json\/wp\/v2\/posts\/821","targetHints":{"allow":["GET"]}}],"collection":[{"href":"https:\/\/patrick-friedl.de\/wps\/wp-json\/wp\/v2\/posts"}],"about":[{"href":"https:\/\/patrick-friedl.de\/wps\/wp-json\/wp\/v2\/types\/post"}],"author":[{"embeddable":true,"href":"https:\/\/patrick-friedl.de\/wps\/wp-json\/wp\/v2\/users\/2"}],"replies":[{"embeddable":true,"href":"https:\/\/patrick-friedl.de\/wps\/wp-json\/wp\/v2\/comments?post=821"}],"version-history":[{"count":0,"href":"https:\/\/patrick-friedl.de\/wps\/wp-json\/wp\/v2\/posts\/821\/revisions"}],"wp:featuredmedia":[{"embeddable":true,"href":"https:\/\/patrick-friedl.de\/wps\/wp-json\/wp\/v2\/media\/820"}],"wp:attachment":[{"href":"https:\/\/patrick-friedl.de\/wps\/wp-json\/wp\/v2\/media?parent=821"}],"wp:term":[{"taxonomy":"category","embeddable":true,"href":"https:\/\/patrick-friedl.de\/wps\/wp-json\/wp\/v2\/categories?post=821"},{"taxonomy":"post_tag","embeddable":true,"href":"https:\/\/patrick-friedl.de\/wps\/wp-json\/wp\/v2\/tags?post=821"}],"curies":[{"name":"wp","href":"https:\/\/api.w.org\/{rel}","templated":true}]}}