{"id":766,"date":"2023-07-12T10:04:31","date_gmt":"2023-07-12T09:04:31","guid":{"rendered":"https:\/\/patrick-friedl.de\/wps\/2023\/07\/12\/interview-mit-plenum-tv-mit-patrick-friedl-am-6-dezember-2022\/"},"modified":"2023-07-12T10:04:31","modified_gmt":"2023-07-12T09:04:31","slug":"interview-mit-plenum-tv-mit-patrick-friedl-am-6-dezember-2022","status":"publish","type":"post","link":"https:\/\/patrick-friedl.de\/wps\/2023\/07\/12\/interview-mit-plenum-tv-mit-patrick-friedl-am-6-dezember-2022\/","title":{"rendered":"Interview mit Plenum TV mit Patrick Friedl am 6. Dezember 2022"},"content":{"rendered":"<p><iframe loading=\"lazy\" src=\"\/\/www.youtube.com\/embed\/ShEdARMSP38\" width=\"757\" height=\"425\" allowfullscreen=\"allowfullscreen\"><\/iframe><\/p>\n<p><span class=\"yt-core-attributed-string--link-inherit-color\">Mit freundlicher Genehmigung von Plenum TV <\/span><span class=\"yt-core-attributed-string--link-inherit-color\"><a class=\"yt-core-attributed-string__link yt-core-attributed-string__link--display-type yt-core-attributed-string__link--call-to-action-color\" tabindex=\"0\" href=\"https:\/\/www.youtube.com\/redirect?event=video_description&amp;redir_token=QUFFLUhqbUNtU01qOG1DNzA4ZG52X284VkwtOGRBUGx1QXxBQ3Jtc0tsSHhLTDdIWGVjVTBOV1FjRk9yRzh4R2xpQ00yYkJPdkRTM0E3S1NSSkZkLU1WNm5FOWtBLUVjY1BtbDZiRVJBcy1RTjdGeHdtSlYxMWl0VEVWZmhyMEYwSXR4YkVsSGx6V3ctQ0RBRlNCWnNSQVNPNA&amp;q=https%3A%2F%2Fwww.plenum.tv%2Fmediathek%2Fvideo%2Finterview-mit-patrick-friedl-buendnis-90-die-gruenen-6-dezember-2022%2F&amp;v=ShEdARMSP38\" target=\"_blank\" rel=\"nofollow noopener noreferrer\">https:\/\/www.plenum.tv\/mediathek\/video&#8230;<\/a><\/span><\/p>\n<p><span class=\"yt-core-attributed-string--link-inherit-color\">Es werden am Rande des Plenums zu drei behandelten Antr\u00e4gen Fragen gestellt: <\/span><\/p>\n<p><span class=\"yt-core-attributed-string--link-inherit-color\">Frage 1: Frage: Sollte ein Krisentelefon, etwa mit der Nummer 117 f\u00fcr psychische Krisen eingerichtet werden? <\/span><\/p>\n<p><span class=\"yt-core-attributed-string--link-inherit-color\">Frage 2: Sehen Sie Aufkl\u00e4rungs- und Regelbedarf bei der Durchsetzung von Anspr\u00fcchen auf R\u00fcckgabe von NS-bedingter Raubkunst? <\/span><\/p>\n<p><span class=\"yt-core-attributed-string--link-inherit-color\">Frage 3: Sollten Kommunen beim Betrieb ihrer Schwimmfl\u00e4chen unterst\u00fctzt werden? Falls ja, wie?<\/span><\/p>\n","protected":false},"excerpt":{"rendered":"<p>Mit freundlicher Genehmigung von Plenum TV https:\/\/www.plenum.tv\/mediathek\/video&#8230; Es werden am Rande des Plenums zu drei behandelten Antr\u00e4gen Fragen gestellt: Frage 1: Frage: Sollte ein Krisentelefon, etwa mit der Nummer 117 [&hellip;]<\/p>\n","protected":false},"author":-1,"featured_media":0,"comment_status":"open","ping_status":"open","sticky":false,"template":"","format":"standard","meta":{"footnotes":""},"categories":[44],"tags":[],"class_list":["post-766","post","type-post","status-publish","format-standard","hentry","category-reden-im-landtag"],"_links":{"self":[{"href":"https:\/\/patrick-friedl.de\/wps\/wp-json\/wp\/v2\/posts\/766","targetHints":{"allow":["GET"]}}],"collection":[{"href":"https:\/\/patrick-friedl.de\/wps\/wp-json\/wp\/v2\/posts"}],"about":[{"href":"https:\/\/patrick-friedl.de\/wps\/wp-json\/wp\/v2\/types\/post"}],"author":[{"embeddable":true,"href":"https:\/\/patrick-friedl.de\/wps\/wp-json\/wp\/v2\/users\/2"}],"replies":[{"embeddable":true,"href":"https:\/\/patrick-friedl.de\/wps\/wp-json\/wp\/v2\/comments?post=766"}],"version-history":[{"count":0,"href":"https:\/\/patrick-friedl.de\/wps\/wp-json\/wp\/v2\/posts\/766\/revisions"}],"wp:attachment":[{"href":"https:\/\/patrick-friedl.de\/wps\/wp-json\/wp\/v2\/media?parent=766"}],"wp:term":[{"taxonomy":"category","embeddable":true,"href":"https:\/\/patrick-friedl.de\/wps\/wp-json\/wp\/v2\/categories?post=766"},{"taxonomy":"post_tag","embeddable":true,"href":"https:\/\/patrick-friedl.de\/wps\/wp-json\/wp\/v2\/tags?post=766"}],"curies":[{"name":"wp","href":"https:\/\/api.w.org\/{rel}","templated":true}]}}