{"id":765,"date":"2023-07-10T09:58:11","date_gmt":"2023-07-10T08:58:11","guid":{"rendered":"https:\/\/patrick-friedl.de\/wps\/2023\/07\/10\/friedl-soeder-laesst-unterfranken-im-stich\/"},"modified":"2023-07-10T09:58:11","modified_gmt":"2023-07-10T08:58:11","slug":"friedl-soeder-laesst-unterfranken-im-stich","status":"publish","type":"post","link":"https:\/\/patrick-friedl.de\/wps\/2023\/07\/10\/friedl-soeder-laesst-unterfranken-im-stich\/","title":{"rendered":"Friedl: \u201eS\u00f6der l\u00e4sst Unterfranken im Stich\u201c"},"content":{"rendered":"<p><img loading=\"lazy\" decoding=\"async\" class=\" size-full wp-image-763\" src=\"http:\/\/patrick-friedl.de\/wps\/wp-content\/uploads\/2023\/07\/2023_07_Sofortprogramm_Klimaanpassung_Unterfranken.png\" alt=\"Friedl: \u201eS\u00f6der l\u00e4sst Unterfranken im Stich\u201c. Sofortprogramm Klimaanpassung f\u00fcr Unterfranken\" width=\"1366\" height=\"768\" srcset=\"https:\/\/patrick-friedl.de\/wps\/wp-content\/uploads\/2023\/07\/2023_07_Sofortprogramm_Klimaanpassung_Unterfranken.png 1366w, https:\/\/patrick-friedl.de\/wps\/wp-content\/uploads\/2023\/07\/2023_07_Sofortprogramm_Klimaanpassung_Unterfranken-300x169.png 300w, https:\/\/patrick-friedl.de\/wps\/wp-content\/uploads\/2023\/07\/2023_07_Sofortprogramm_Klimaanpassung_Unterfranken-1024x576.png 1024w, https:\/\/patrick-friedl.de\/wps\/wp-content\/uploads\/2023\/07\/2023_07_Sofortprogramm_Klimaanpassung_Unterfranken-768x432.png 768w\" sizes=\"auto, (max-width: 1366px) 100vw, 1366px\" \/><\/p>\n<p><strong>Gr\u00fcnen-MdL Celina, Friedl und Knoblach fordern Sofortprogramm Klimaanpassung f\u00fcr Unterfranken<\/strong><\/p>\n<p>\u201eSeit 2018 haben wir bereits den f\u00fcnften Sommer mit Hitze, D\u00fcrre und gelegentlichen Starkregen in Unterfranken. Au\u00dfer leeren Versprechungen und halbgaren Ank\u00fcndigungen hat die Staatsregierung nichts f\u00fcr uns \u00fcbrig. Ministerpr\u00e4sident Markus S\u00f6der l\u00e4sst Unterfranken im Stich\u201c, so der Gr\u00fcnen-Landtagsabgeordnete und Sprecher f\u00fcr Klimaanpassung seiner Fraktion Patrick Friedl.<\/p>\n<p>Die Presse berichtete. Hier finden Sie Beitr\u00e4ge der <a href=\"https:\/\/www.mainpost.de\/regional\/wuerzburg\/gruenen-abgeordneter-friedl-soeder-laesst-unterfranken-in-der-hitze-im-stich-art-11182644\" target=\"_blank\" rel=\"noopener noreferrer\">Main-Post<\/a>, <a href=\"https:\/\/www.tvmainfranken.de\/mediathek\/video\/soeder-laesst-unterfranken-im-stich-patrick-friedl-fordert-sofortprogramm-zur-klimaanpassung-2\/\" target=\"_blank\" rel=\"noopener noreferrer\">TV Mainfranken<\/a> und <a href=\"https:\/\/www.radiogong.com\/aktuelles\/news\/lokales\/unterfranken-gruene-fordern-mehr-unterstuetzung-bei-klimakrise\" target=\"_blank\" rel=\"noopener noreferrer\">Radio Gong<\/a>.<\/p>\n<p>\u201eEine Initiative von Uni W\u00fcrzburg, Uniklinik, Technischer Hochschule, CAE und Stiftung Umweltenergierecht f\u00fcr ein Zentrum f\u00fcr Angewandte Klimaforschung in W\u00fcrzburg interessiert S\u00f6der nicht.\u201c F\u00fcr den wachsenden Wassernotstand biete er keine auch nur mittelfristigen L\u00f6sungen und \u201eignoriert die Vorschl\u00e4ge der von ihm selbst eingesetzten Expertenkommission\u201c, so Friedl. \u201eEine Aufweichung des Schutzes des Tiefengrundwassers konnte in letzter Minute nur durch massiven \u00f6ffentlichen Druck abgewendet werden.\u201c Die notwendige Rettung des Schwarzen Moores lasse den Ministerpr\u00e4sidenten kalt. Patrick Friedl: \u201eDie Blockade der Ver\u00f6ffentlichung von Starkregenhinweiskarten durch seinen Umweltminister ist ihm gleichg\u00fcltig. F\u00fcr die Umsetzung von Sturzflutmanagementkonzepten und Hitzeaktionspl\u00e4nen gibt es keinen zus\u00e4tzlichen Cent. Und seinen CSU-Landrat im Landkreis W\u00fcrzburg l\u00e4sst S\u00f6der gew\u00e4hren, wenn dieser den umfassenden Schutz der \u201aZeller Quellen\u2018 blockiert und f\u00fcr rechtm\u00e4\u00dfiges Verwaltungshandeln einen Ausgleich fordert.\u201c<\/p>\n<p><strong>Friedls Fazit zum Regierungshandeln: \u201eS\u00f6der l\u00e4sst uns im Starkregen stehen. Die Klimakatastrophe rollt auf uns zu und die CSU-Staatsregierung duckt sich weg.\u201c<\/strong><\/p>\n<p><!--more--><\/p>\n<p>Deshalb fordert der W\u00fcrzburger Klimapolitiker zusammen mit seinen Kolleg*innen Kerstin Celina und Paul Knoblach mit einem <a href=\"http:\/\/patrick-friedl.de\/wps\/wp-content\/uploads\/2023\/07\/Antrag_Sofortprogramm_Klimaanpassung_-_Juli_2023.pdf\">Antrag &#8222;Sofortprogramm Klimaanpassung&#8220;<\/a> zum Ende der Amtszeit von S\u00f6der in der 18. Wahlperiode des Landtags \u201eendlich eine konsequente Unterst\u00fctzung der Kommunen bei Klimaanpassung und Klimaschutz\u201c. Patrick Friedl: \u201eHerr S\u00f6der, Ihre vordringlichste Pflicht ist Schaden von den Menschen in Bayern abzuwenden. Deshalben nehmen Sie die Bedrohung durch die Klimakrise endlich ernst und Ihre Verantwortung f\u00fcr den Schutz der Lebensgrundlagen f\u00fcr die kommenden Generationen wahr. Die Bev\u00f6lkerung erwartet das von Ihnen und unsere Verfassung verpflichtet Sie darauf!\u201c<\/p>\n<p>Konkret fordern Gr\u00fcnen-MdL Celina, Friedl und Knoblach von der Staatsregierung zeitnah Sonderf\u00f6rderprogramme f\u00fcr die Kommunen, die die Umsetzung von kommunalen Sturzflutmanagement- und Hitzeaktionspl\u00e4nen, von Klimaanpassungs-, Schwammstadt- und Schwammlandschaftskonzepten mit mindestens 90 Prozent f\u00f6rdern. Sie wollen eine unverz\u00fcgliche Ver\u00f6ffentlichung der seit zwei Jahren vorliegenden Sturzflut-Hinweiskarten und die Erarbeitung noch aussagekr\u00e4ftigerer Starkregengefahrenkarten. Und neben einem Hitzeaktionsplan auch f\u00fcr Unterfranken, setzen die unterfr\u00e4nkischen Abgeordneten eine Anschubfinanzierung f\u00fcr ein Zentrum f\u00fcr Angewandte Klimaforschung im Hotspot Unterfranken ganz oben auf die politische Agenda.<\/p>\n<p><strong>Kerstin Celina, Sprecherin f\u00fcr Sozialpolitik der Gr\u00fcnen-Landtagsfraktion:<\/strong> \u201eDie Auswirkungen des Klimwandels, der zunehmenden Hitze und der Extremwetterereignisse, sind DIE soziale Frage unserer Zeit: Die negativen Auswirkungen des Klimawandels treffen vor allem diejenigen, die sich eine Klimatisierung oder einen Umzug aus ihren \u00fcberhitzten Wohnungen nicht leisten k\u00f6nnen und die ihren Beruf auch bei extremen Klimabedingungen im Freien aus\u00fcben m\u00fcssen.\u201c<\/p>\n<p><strong>Paul Knoblach, Sprecher f\u00fcr Weinbau, Sonderkulturen und Tierwohl der Gr\u00fcnen-Landtagsfraktion:<\/strong> \u201eOhne jeden \u00dcberblick und ohne Plan steht unsere Staatsregierung vor dem Scherbenhaufen ihrer Wasserwirtschaft. Wir m\u00fcssen trinken und wir m\u00fcssen essen. Alles andere kommt danach. Darum muss sich, endlich alles drehen. Wir stehen unmittelbar vor einer extremen Mangellage. In Bad K\u00f6nigshofen und in vielen anderen Regionen in Franken. Wir k\u00f6nnen nicht warten bis irgendwann mal der erste Tropfen aus der Bodenseeleitung kommt.\u201c<\/p>\n<p>Als Grundlage zu den gr\u00fcnen Forderungen hat Friedl mit seinem Team das \u00fcber 60-seitige <a href=\"https:\/\/www.gruene-fraktion-bayern.de\/\/fileadmin\/bayern\/user_upload\/download_dateien\/230803_Positionspapier_Klimaueberhitzung.pdf\" target=\"_blank\" rel=\"noopener noreferrer\">Positionspapier &#8222;Klima\u00fcberhitzung&#8220;<\/a> vollst\u00e4ndig \u00fcberarbeitet und aktualisiert.<\/p>\n<p><strong>Friedl<\/strong>: \u201eTraurige Gewissheit ist: Die Klimakrise in der Region schreitet schneller voran.\u201c Die Durchschnittstemperatur ist bereits weit \u00fcber zwei Grad gestiegen. Selbst die schlechtesten Klimaszenarien werden derzeit \u00fcbertroffen. Der erwartete zus\u00e4tzliche Winterregen bleibe aus. Seit 2018 fehle in Unterfranken mehr als ein ganzer Jahresniederschlag, was zu dramatisch fallenden Grundwasserpegeln f\u00fchre. Patrick Friedl: \u201eS\u00f6der will all dies nicht sehen und versucht uns mit leeren Versprechungen abzuspeisen. Doch mit blo\u00dfen Ank\u00fcndigungen ist kein Teller gef\u00fcllt, keine Quelle gesch\u00fctzt und kein Wald bewahrt. Handelt jetzt!\u201c<\/p>\n<p>Der Antrag wird am Donnerstag, den 12. Juli 2023, dem Ausschuss f\u00fcr Umwelt und Verbraucherschutz zur Beratung vorgelegt. Sie k\u00f6nnen die Sitzung <a href=\"https:\/\/www.youtube.com\/live\/fbF2hPs7YIg?feature=share\">hier <\/a>live verfolgen.\u00a0<\/p>\n<p>Hier finden Sie die aktuellen Antr\u00e4ge von MdL Patrick Friedl und Kolleg*innen im Bayerischen Landtag zum Klimaanpassung und Hitzeaktionsplan:<\/p>\n<p><a href=\"http:\/\/www1.bayern.landtag.de\/www\/ElanTextAblage_WP18\/Drucksachen\/Basisdrucksachen\/0000014500\/0000014852.pdf\">Dringlichkeitsantrag: Bedrohung durch Hitze endlich ernst nehmen \u2013 Kommunen unterst\u00fctzen \u2013 Katastrophenschutz verbessern!<\/a><\/p>\n<p><a href=\"http:\/\/www1.bayern.landtag.de\/www\/ElanTextAblage_WP18\/Drucksachen\/Basisdrucksachen\/0000012000\/0000012037.pdf\">Antrag: Bericht \u00fcber die Umsetzung von Hitzeaktionspl\u00e4nen in Bayern<\/a><\/p>\n<p><a href=\"http:\/\/www1.bayern.landtag.de\/www\/ElanTextAblage_WP18\/Drucksachen\/Basisdrucksachen\/0000010500\/0000010936.pdf\">Antrag: Kommunen hochwassersicherer und hitzeresilienter machen \u2013 blaue und gr\u00fcne Infrastruktur f\u00f6rdern, Klimaanpassung unterst\u00fctzen<\/a><\/p>\n<p><a href=\"http:\/\/www1.bayern.landtag.de\/www\/ElanTextAblage_WP18\/Drucksachen\/Basisdrucksachen\/0000010500\/0000010924.pdf\">Dringlichkeitsantrag: Sofortprogramm Starkregenvorsorge und Extrem-Hitze-Schut<\/a>z<\/p>\n<p><a href=\"http:\/\/www1.bayern.landtag.de\/www\/ElanTextAblage_WP18\/Drucksachen\/Basisdrucksachen\/0000005500\/0000005824.pdf\">Antrag: Hitzeaktionsplanung in Bayern umsetzen<\/a><\/p>\n<p><a href=\"http:\/\/www1.bayern.landtag.de\/www\/ElanTextAblage_WP18\/Drucksachen\/Basisdrucksachen\/0000015000\/0000015232.pdf\">Antrag: Klimaanpassung ernst nehmen \u2013 Kommunen unterst\u00fctzen<\/a><\/p>\n<p><a href=\"http:\/\/www1.bayern.landtag.de\/www\/ElanTextAblage_WP18\/Drucksachen\/Basisdrucksachen\/0000013000\/0000013090.pdf\">Antrag: Kommunale Klimaanpassung voranbringen<\/a><\/p>\n<p>Hier finden Sie die Pressemitteilungen der Gr\u00fcnen-Landtagsfraktion:\u00a0<\/p>\n<p><a href=\"https:\/\/www.gruene-fraktion-bayern.de\/themen\/umwelt-natur-und-klima\/2022\/bayern-aechzt-unter-der-hitze-kommunen-endlich-unterstuetzen\/?L=0\">20.07.2022 Bayern \u00e4chzt unter der Hitze: Kommunen endlich unterst\u00fctzen!<\/a><\/p>\n<p><a href=\"https:\/\/www.gruene-fraktion-bayern.de\/themen\/umwelt-natur-und-klima\/2022\/kommunen-gegen-hitze-unterstuetzen-todesfaelle-verhindern\/?L=0\">06.07.2022 Kommunen gegen Hitze unterst\u00fctzen \u2013 Todesf\u00e4lle verhindern<\/a><\/p>\n<p><a href=\"https:\/\/www.gruene-fraktion-bayern.de\/themen\/umwelt-natur-und-klima\/2021\/sofortprogramm-fuer-starkregenvorsorge-und-extrem-hitze-schutz\/?L=0\">21.07.2021 Sofortprogramm f\u00fcr Starkregenvorsorge und Extrem-Hitze-Schutz<\/a><\/p>\n<p><a href=\"https:\/\/www.gruene-fraktion-bayern.de\/themen\/energie-und-klimaschutz\/2020\/auswirkungen-von-hitzewellen-vertraeglich-halten\/?L=0\">03.07.2020 Auswirkungen von Hitzewellen vertr\u00e4glich halten<\/a><\/p>\n<p><a href=\"https:\/\/www.gruene-fraktion-bayern.de\/themen\/energie-und-klimaschutz\/2020\/hitzeaktionsplanung-in-bayern-umsetzen\/?L=0\">01.07.2020 Hitzeaktionsplanung in Bayern umsetzen<\/a><\/p>\n","protected":false},"excerpt":{"rendered":"<p>Gr\u00fcnen-MdL Celina, Friedl und Knoblach fordern Sofortprogramm Klimaanpassung f\u00fcr Unterfranken \u201eSeit 2018 haben wir bereits den f\u00fcnften Sommer mit Hitze, D\u00fcrre und gelegentlichen Starkregen in Unterfranken. Au\u00dfer leeren Versprechungen und [&hellip;]<\/p>\n","protected":false},"author":-1,"featured_media":763,"comment_status":"open","ping_status":"open","sticky":false,"template":"","format":"standard","meta":{"footnotes":""},"categories":[31],"tags":[],"class_list":["post-765","post","type-post","status-publish","format-standard","has-post-thumbnail","hentry","category-pressemitteilungen"],"_links":{"self":[{"href":"https:\/\/patrick-friedl.de\/wps\/wp-json\/wp\/v2\/posts\/765","targetHints":{"allow":["GET"]}}],"collection":[{"href":"https:\/\/patrick-friedl.de\/wps\/wp-json\/wp\/v2\/posts"}],"about":[{"href":"https:\/\/patrick-friedl.de\/wps\/wp-json\/wp\/v2\/types\/post"}],"author":[{"embeddable":true,"href":"https:\/\/patrick-friedl.de\/wps\/wp-json\/wp\/v2\/users\/2"}],"replies":[{"embeddable":true,"href":"https:\/\/patrick-friedl.de\/wps\/wp-json\/wp\/v2\/comments?post=765"}],"version-history":[{"count":0,"href":"https:\/\/patrick-friedl.de\/wps\/wp-json\/wp\/v2\/posts\/765\/revisions"}],"wp:featuredmedia":[{"embeddable":true,"href":"https:\/\/patrick-friedl.de\/wps\/wp-json\/wp\/v2\/media\/763"}],"wp:attachment":[{"href":"https:\/\/patrick-friedl.de\/wps\/wp-json\/wp\/v2\/media?parent=765"}],"wp:term":[{"taxonomy":"category","embeddable":true,"href":"https:\/\/patrick-friedl.de\/wps\/wp-json\/wp\/v2\/categories?post=765"},{"taxonomy":"post_tag","embeddable":true,"href":"https:\/\/patrick-friedl.de\/wps\/wp-json\/wp\/v2\/tags?post=765"}],"curies":[{"name":"wp","href":"https:\/\/api.w.org\/{rel}","templated":true}]}}