{"id":630,"date":"2022-10-07T18:30:08","date_gmt":"2022-10-07T17:30:08","guid":{"rendered":"https:\/\/patrick-friedl.de\/wps\/2022\/10\/07\/zukunft-im-wald-gemeinsam-fuer-den-wald-von-morgen\/"},"modified":"2022-10-07T18:30:08","modified_gmt":"2022-10-07T17:30:08","slug":"zukunft-im-wald-gemeinsam-fuer-den-wald-von-morgen","status":"publish","type":"post","link":"https:\/\/patrick-friedl.de\/wps\/2022\/10\/07\/zukunft-im-wald-gemeinsam-fuer-den-wald-von-morgen\/","title":{"rendered":"Zukunft im Wald: Gemeinsam f\u00fcr den Wald von morgen"},"content":{"rendered":"<img loading=\"lazy\" decoding=\"async\" class=\" size-full wp-image-628\" src=\"http:\/\/patrick-friedl.de\/wps\/wp-content\/uploads\/2022\/10\/2022_10_07_Wald_Lohr_Klima_Zukunft.jpg\" alt=\"Stadtwald Lohr\" class=\"caption\" title=\"Der Stadtwald von Lohr a.Main ist der drittgr\u00f6\u00dfte Kommunalwald in Bayern. Mit einem hohen Anteil an Buchen und Eichen ist er ein ein typischer Laubwald des Spessarts.\" width=\"960\" height=\"1280\" srcset=\"https:\/\/patrick-friedl.de\/wps\/wp-content\/uploads\/2022\/10\/2022_10_07_Wald_Lohr_Klima_Zukunft.jpg 960w, https:\/\/patrick-friedl.de\/wps\/wp-content\/uploads\/2022\/10\/2022_10_07_Wald_Lohr_Klima_Zukunft-225x300.jpg 225w, https:\/\/patrick-friedl.de\/wps\/wp-content\/uploads\/2022\/10\/2022_10_07_Wald_Lohr_Klima_Zukunft-768x1024.jpg 768w\" sizes=\"auto, (max-width: 960px) 100vw, 960px\" \/>\n<p><strong>Zukunft des Waldes: Fachgespr\u00e4ch in der Forstschule Lohr und Waldbegang im Lohrer Stadtwald am 6. Oktober 2022<br \/><\/strong><\/p>\n<p>Patrick Friedl, Landtagsabgeordneter der GR\u00dcNEN und Sprecher seiner Fraktion f\u00fcr Naturschutz und Klimaanpassung, hat am 6. Oktober 2022 nach Lohr eingeladen, um im Spessart folgenden Fragen auf den Grund zu gehen: Was k\u00f6nnen und m\u00fcssen wir kurz-, mittel- und langfristig tun, damit unsere W\u00e4lder besser f\u00fcr die Folgen der Klimaerhitzung ger\u00fcstet sind? Wie k\u00f6nnen Forstwirt*innen und F\u00f6rster*innen in Aus- und Weiterbildung auf die schwierigen Herausforderungen vorbereitet und auch in Zukunft eine erfolgreiche und zugleich \u00f6kologisch nachhaltige Waldbewirtschaftung gew\u00e4hrleistet werden? Und welchen Beitrag kann und muss die Politik leisten, damit die notwendige Anpassung des Waldes an die ver\u00e4nderten klimatischen Bedingungen schneller vorankommt?<\/p>\n<p><a href=\"https:\/\/www.main-echo.de\/regional\/kreis-main-spessart\/was-politik-fuer-den-wald-tun-kann-art-7709965\" target=\"_blank\" rel=\"noopener noreferrer\">Main-Echo berichtete<\/a>. Ein Ausschnitt aus dem Artikel: &#8222;\u00bbDie \u00f6kologische Krise schreitet so schnell voran, dass wir reagieren m\u00fcssen.\u00ab Er sei positiv angetan, welche M\u00f6glichkeiten es f\u00fcr die schonende Nutzung im Wald gebe, erkl\u00e4rte Patrick Friedl. Ihn habe erschreckt, dass auch in gesch\u00fctzter Lage in Lohr Buchen absterben. Eine gro\u00dfe L\u00f6sung werde es f\u00fcr die aktuellen Probleme nicht geben. Auch das Vorwissen fr\u00fcherer Generationen von Forstwissenschaftlern helfe hier nur sehr bedingt. \u00bbWir brauchen kleine L\u00f6sungen, angepasst auf jede einzelne Kulturlandschaft.\u00ab Man m\u00fcsse \u00fcber angewandte Klimaforschung herausfinden, was wo und wann hilft.&#8220;<\/p>\n<p>Neben Patrick Friedl nahmen an dem Termin u.a. teil: <strong>Niklas Wagener<\/strong>, Bundestagsabgeordneter der GR\u00dcNEN aus Aschaffenburg und Mitglied im Landwirtschaftsausschusses des Bundestags, <strong>Dr. Mario Paul<\/strong>, Erster B\u00fcrgermeister der Stadt Lohr, <strong>Kerstin Celina<\/strong>, sozial- und inklusionspolitische Sprecherin der Landtags-GR\u00dcNEN,\u00a0<strong>Paul Knoblach<\/strong>, Landtagsabgeordneter aus Schweinfurt und Sprecher f\u00fcr Weinbau, Sonderkulturen und Tierwohl der GR\u00dcNEN Landtagsfraktion. Informiert, gef\u00fchrt und begleitet wurden die Termine von <strong>Christof Welzenbach<\/strong>, Leiter der Forstschule Lohr, und <strong>Michael Neuner<\/strong>, Leiter der Forstverwaltung der Stadt Lohr.\u00a0<\/p>\n<p><img loading=\"lazy\" decoding=\"async\" class=\" size-full wp-image-629\" src=\"http:\/\/patrick-friedl.de\/wps\/wp-content\/uploads\/2022\/10\/2022_10_07_Lohr_Wald_Klima-scaled.jpeg\" alt=\"\" width=\"2560\" height=\"1920\" srcset=\"https:\/\/patrick-friedl.de\/wps\/wp-content\/uploads\/2022\/10\/2022_10_07_Lohr_Wald_Klima-scaled.jpeg 2560w, https:\/\/patrick-friedl.de\/wps\/wp-content\/uploads\/2022\/10\/2022_10_07_Lohr_Wald_Klima-300x225.jpeg 300w, https:\/\/patrick-friedl.de\/wps\/wp-content\/uploads\/2022\/10\/2022_10_07_Lohr_Wald_Klima-1024x768.jpeg 1024w, https:\/\/patrick-friedl.de\/wps\/wp-content\/uploads\/2022\/10\/2022_10_07_Lohr_Wald_Klima-768x576.jpeg 768w, https:\/\/patrick-friedl.de\/wps\/wp-content\/uploads\/2022\/10\/2022_10_07_Lohr_Wald_Klima-1536x1152.jpeg 1536w, https:\/\/patrick-friedl.de\/wps\/wp-content\/uploads\/2022\/10\/2022_10_07_Lohr_Wald_Klima-2048x1536.jpeg 2048w\" sizes=\"auto, (max-width: 2560px) 100vw, 2560px\" \/><\/p>\n<p><em>Michael Neuner, Leiter der Forstverwaltung der Stadt Lohr, erl\u00e4utert den Teilnehmenden die Entwicklung der Biotopb\u00e4ume im Lohrer Stadtwald. Foto: Nicolas Weisensel<\/em><\/p>\n","protected":false},"excerpt":{"rendered":"<p>Zukunft des Waldes: Fachgespr\u00e4ch in der Forstschule Lohr und Waldbegang im Lohrer Stadtwald am 6. Oktober 2022 Patrick Friedl, Landtagsabgeordneter der GR\u00dcNEN und Sprecher seiner Fraktion f\u00fcr Naturschutz und Klimaanpassung, [&hellip;]<\/p>\n","protected":false},"author":-1,"featured_media":628,"comment_status":"open","ping_status":"open","sticky":false,"template":"","format":"standard","meta":{"footnotes":""},"categories":[8],"tags":[],"class_list":["post-630","post","type-post","status-publish","format-standard","has-post-thumbnail","hentry","category-klimaanpassung"],"_links":{"self":[{"href":"https:\/\/patrick-friedl.de\/wps\/wp-json\/wp\/v2\/posts\/630","targetHints":{"allow":["GET"]}}],"collection":[{"href":"https:\/\/patrick-friedl.de\/wps\/wp-json\/wp\/v2\/posts"}],"about":[{"href":"https:\/\/patrick-friedl.de\/wps\/wp-json\/wp\/v2\/types\/post"}],"author":[{"embeddable":true,"href":"https:\/\/patrick-friedl.de\/wps\/wp-json\/wp\/v2\/users\/8"}],"replies":[{"embeddable":true,"href":"https:\/\/patrick-friedl.de\/wps\/wp-json\/wp\/v2\/comments?post=630"}],"version-history":[{"count":0,"href":"https:\/\/patrick-friedl.de\/wps\/wp-json\/wp\/v2\/posts\/630\/revisions"}],"wp:featuredmedia":[{"embeddable":true,"href":"https:\/\/patrick-friedl.de\/wps\/wp-json\/wp\/v2\/media\/628"}],"wp:attachment":[{"href":"https:\/\/patrick-friedl.de\/wps\/wp-json\/wp\/v2\/media?parent=630"}],"wp:term":[{"taxonomy":"category","embeddable":true,"href":"https:\/\/patrick-friedl.de\/wps\/wp-json\/wp\/v2\/categories?post=630"},{"taxonomy":"post_tag","embeddable":true,"href":"https:\/\/patrick-friedl.de\/wps\/wp-json\/wp\/v2\/tags?post=630"}],"curies":[{"name":"wp","href":"https:\/\/api.w.org\/{rel}","templated":true}]}}