{"id":539,"date":"2022-05-24T09:19:44","date_gmt":"2022-05-24T08:19:44","guid":{"rendered":"https:\/\/patrick-friedl.de\/wps\/2022\/05\/24\/buerger-innen-energie-jetzt-gruene-energie-fuer-unterfranken\/"},"modified":"2022-05-24T09:19:44","modified_gmt":"2022-05-24T08:19:44","slug":"buerger-innen-energie-jetzt-gruene-energie-fuer-unterfranken","status":"publish","type":"post","link":"https:\/\/patrick-friedl.de\/wps\/2022\/05\/24\/buerger-innen-energie-jetzt-gruene-energie-fuer-unterfranken\/","title":{"rendered":"B\u00fcrger*innen-Energie jetzt &#8211; Gr\u00fcne Energie f\u00fcr Unterfranken"},"content":{"rendered":"<p>Patrick Friedl: &#8222;Am Samstag haben wir auf der Bezirksversammlung in Rottendorf eine Resolution zu B\u00fcrger*innen-Energie verabschiedet , von mir in Abstimmung mit dem Bezirksvorstand, Bezirksr\u00e4t*innen, meinen Landtagskolleg*innen Kerstin Celina und Paul Knoblach, Jens Marci Scherf, Landrat und Klimab\u00fcrgermeister Martin Heilig sowie vielen im Bereich Klima und Energie aktiven Gr\u00fcnen.&#8220;<\/p>\n<p><a href=\"https:\/\/gruene-unterfranken.de\/resolution\/\" target=\"_blank\" rel=\"noopener noreferrer\">Hier geht&#8217;s zur Resolution.<\/a><\/p>\n<p>Die Gemeinde Gro\u00dfbardorf (Lkr. Rh\u00f6n-Grabfeld) macht es vor: ihre Strom- und W\u00e4rmeversorgung ist bereits seit zehn Jahren unabh\u00e4ngig von fossilen Brennstoffen. Die Strom-\u00a0 und W\u00e4rmeversorgung in die eigenen H\u00e4nde zu nehmen st\u00e4rkt die Gemeinschaft und die Akzeptanz der erneuerbaren Energien in den D\u00f6rfern. Gleichzeitig blieben die Energiekosten niedrig. <a href=\"https:\/\/www.mainpost.de\/regional\/wuerzburg\/gruene-unterfranken-bioenergiedorf-grossbardorf-zum-beispiel-nehmen-art-10801794\" target=\"_blank\" rel=\"noopener noreferrer\">Die Mainpost berichtete am 23. Mai 2022. <\/a><\/p>\n","protected":false},"excerpt":{"rendered":"<p>Patrick Friedl: &#8222;Am Samstag haben wir auf der Bezirksversammlung in Rottendorf eine Resolution zu B\u00fcrger*innen-Energie verabschiedet , von mir in Abstimmung mit dem Bezirksvorstand, Bezirksr\u00e4t*innen, meinen Landtagskolleg*innen Kerstin Celina und [&hellip;]<\/p>\n","protected":false},"author":-1,"featured_media":538,"comment_status":"open","ping_status":"open","sticky":false,"template":"","format":"standard","meta":{"footnotes":""},"categories":[34],"tags":[],"class_list":["post-539","post","type-post","status-publish","format-standard","has-post-thumbnail","hentry","category-pressemitteilungen-stadtrat"],"_links":{"self":[{"href":"https:\/\/patrick-friedl.de\/wps\/wp-json\/wp\/v2\/posts\/539","targetHints":{"allow":["GET"]}}],"collection":[{"href":"https:\/\/patrick-friedl.de\/wps\/wp-json\/wp\/v2\/posts"}],"about":[{"href":"https:\/\/patrick-friedl.de\/wps\/wp-json\/wp\/v2\/types\/post"}],"author":[{"embeddable":true,"href":"https:\/\/patrick-friedl.de\/wps\/wp-json\/wp\/v2\/users\/8"}],"replies":[{"embeddable":true,"href":"https:\/\/patrick-friedl.de\/wps\/wp-json\/wp\/v2\/comments?post=539"}],"version-history":[{"count":0,"href":"https:\/\/patrick-friedl.de\/wps\/wp-json\/wp\/v2\/posts\/539\/revisions"}],"wp:featuredmedia":[{"embeddable":true,"href":"https:\/\/patrick-friedl.de\/wps\/wp-json\/wp\/v2\/media\/538"}],"wp:attachment":[{"href":"https:\/\/patrick-friedl.de\/wps\/wp-json\/wp\/v2\/media?parent=539"}],"wp:term":[{"taxonomy":"category","embeddable":true,"href":"https:\/\/patrick-friedl.de\/wps\/wp-json\/wp\/v2\/categories?post=539"},{"taxonomy":"post_tag","embeddable":true,"href":"https:\/\/patrick-friedl.de\/wps\/wp-json\/wp\/v2\/tags?post=539"}],"curies":[{"name":"wp","href":"https:\/\/api.w.org\/{rel}","templated":true}]}}