{"id":528,"date":"2022-05-23T19:54:16","date_gmt":"2022-05-23T18:54:16","guid":{"rendered":"https:\/\/patrick-friedl.de\/wps\/2022\/05\/23\/friedl-es-krankt-an-den-finanziellen-mitteln-barrierefreiheit-in-kunst-und-kultur\/"},"modified":"2022-05-23T19:54:16","modified_gmt":"2022-05-23T18:54:16","slug":"friedl-es-krankt-an-den-finanziellen-mitteln-barrierefreiheit-in-kunst-und-kultur","status":"publish","type":"post","link":"https:\/\/patrick-friedl.de\/wps\/2022\/05\/23\/friedl-es-krankt-an-den-finanziellen-mitteln-barrierefreiheit-in-kunst-und-kultur\/","title":{"rendered":"Barrierefreiheit in Kunst und Kultur &#8211; &#8222;Es krankt an den finanziellen Mitteln&#8220;"},"content":{"rendered":"<p>Mit der bayernweiten Gespr\u00e4chsreihe &#8222;No Limits on Tour&#8220; m\u00f6chte Kerstin Celina, Sprecherin f\u00fcr Sozialpolitik, Inklusion und psychische Gesundheit der gr\u00fcnen Fraktion in Bayern, die Aufmerksamkeit auf die verschiedenen Bereiche des gesellschaftlichen Lebens lenken, in denen es noch an Barrierefreiheit mangelt.<\/p>\n<p>W\u00e4hrend der Diskussion im Felix-Fechenbach-Haus mit Kerstin Celina, Sanne Kurz, Sprecherin f\u00fcr Kultur und Film, und Patrick Friedl, dem direktgew\u00e4hlten Landtagsabgeordneten f\u00fcr W\u00fcrzburg-Stadt, zeigt sich durch Erfahrungsberichte von Menschen mit Behinderung, dass das noch in vielen Bereichen so ist. Auch in Kunst und Kultur.<\/p>\n<p>Trotz der Ank\u00fcndigungen des damaligen Ministerpr\u00e4sidenten Seehofer (CSU) und seines Nachfolgers S\u00f6der (CDU), Bayern sei bis 2023 in allen Bereichen barrierefrei, ist es bis dahin noch ein langer Weg.<\/p>\n<blockquote>\n<p>Dazu Patrick Friedl: <br \/>&#8222;Es krankt an den finanziellen Mitteln, die die Stadt, die die Kommunen, zur Verf\u00fcgung haben und die wir kommunal f\u00fcr die Teilhabe zur Verf\u00fcgung stellen. Deswegen kommen wir mit unseren \u00f6ffentlichen Einrichtungen nur sehr langsam voran. Auch hier ist der Freistaat Bayern gefordert. Da hilft es nicht, dass 2013 ein Ziel &#8218;Bayern barrierefrei 2023&#8216; von Ministerpr\u00e4sident Seehofer ausgegeben wurde. Entscheidend sind die Mittel, die die Regierung und die Regierungsfraktionen zur Erreichung dieses Ziels zur Verf\u00fcgung stellen. Diese haben nicht ansatzweise gereicht&#8220;.<\/p>\n<\/blockquote>\n<p>Die <a href=\"https:\/\/www.mainpost.de\/regional\/wuerzburg\/ein-weiter-weg-zur-barrierefreiheit-art-10798159\" target=\"_blank\" rel=\"noopener noreferrer\">Mainpost berichtete am 21. Mai 2022. <\/a><\/p>\n","protected":false},"excerpt":{"rendered":"<p>Mit der bayernweiten Gespr\u00e4chsreihe &#8222;No Limits on Tour&#8220; m\u00f6chte Kerstin Celina, Sprecherin f\u00fcr Sozialpolitik, Inklusion und psychische Gesundheit der gr\u00fcnen Fraktion in Bayern, die Aufmerksamkeit auf die verschiedenen Bereiche des [&hellip;]<\/p>\n","protected":false},"author":-1,"featured_media":527,"comment_status":"open","ping_status":"open","sticky":false,"template":"","format":"standard","meta":{"footnotes":""},"categories":[33],"tags":[],"class_list":["post-528","post","type-post","status-publish","format-standard","has-post-thumbnail","hentry","category-pressemitteilungen-weitere-themen"],"_links":{"self":[{"href":"https:\/\/patrick-friedl.de\/wps\/wp-json\/wp\/v2\/posts\/528","targetHints":{"allow":["GET"]}}],"collection":[{"href":"https:\/\/patrick-friedl.de\/wps\/wp-json\/wp\/v2\/posts"}],"about":[{"href":"https:\/\/patrick-friedl.de\/wps\/wp-json\/wp\/v2\/types\/post"}],"author":[{"embeddable":true,"href":"https:\/\/patrick-friedl.de\/wps\/wp-json\/wp\/v2\/users\/8"}],"replies":[{"embeddable":true,"href":"https:\/\/patrick-friedl.de\/wps\/wp-json\/wp\/v2\/comments?post=528"}],"version-history":[{"count":0,"href":"https:\/\/patrick-friedl.de\/wps\/wp-json\/wp\/v2\/posts\/528\/revisions"}],"wp:featuredmedia":[{"embeddable":true,"href":"https:\/\/patrick-friedl.de\/wps\/wp-json\/wp\/v2\/media\/527"}],"wp:attachment":[{"href":"https:\/\/patrick-friedl.de\/wps\/wp-json\/wp\/v2\/media?parent=528"}],"wp:term":[{"taxonomy":"category","embeddable":true,"href":"https:\/\/patrick-friedl.de\/wps\/wp-json\/wp\/v2\/categories?post=528"},{"taxonomy":"post_tag","embeddable":true,"href":"https:\/\/patrick-friedl.de\/wps\/wp-json\/wp\/v2\/tags?post=528"}],"curies":[{"name":"wp","href":"https:\/\/api.w.org\/{rel}","templated":true}]}}