{"id":4889,"date":"2026-04-29T17:09:12","date_gmt":"2026-04-29T16:09:12","guid":{"rendered":"https:\/\/patrick-friedl.de\/wps\/?p=4889"},"modified":"2026-04-29T17:30:13","modified_gmt":"2026-04-29T16:30:13","slug":"silke-baksen-und-patrick-friedl-zu-sprecherinnen-der-naturschutzpolitikerinnen-gewaehlt","status":"publish","type":"post","link":"https:\/\/patrick-friedl.de\/wps\/2026\/04\/29\/silke-baksen-und-patrick-friedl-zu-sprecherinnen-der-naturschutzpolitikerinnen-gewaehlt\/","title":{"rendered":"Silke Baksen und Patrick Friedl zu Sprecher*innen der Naturschutzpolitiker*innen gew\u00e4hlt"},"content":{"rendered":"\n<p>Nach dem j\u00fcngsten Ausscheiden von MdL Markus R\u00f6sler, Naturschutzpolitiker, aus dem Baden-W\u00fcrttembergischen Landtag, Stand die Neuwahl im Arbeitskreis der Naturschutzpolitiker*innen in den deutschen Landtagen an. Zusammen mit MdL Silke Baksen, Naturschutzpolitikerin aus Schleswig-Holstein, wurde Patrick Friedl zum Sprecher gew\u00e4hlt. Arbeitsschwerpunkte werden der Erhalt der naturschutzrechtlichen Errungenschaften auf Landes-, Bundes- und Europa-Ebene genauso sein, wie die Themen Wasserschutz, Klimaanpassung und nat\u00fcrlicher Klimaschutz.<\/p>\n\n\n","protected":false},"excerpt":{"rendered":"<p>Nach dem j\u00fcngsten Ausscheiden von MdL Markus R\u00f6sler, Naturschutzpolitiker, aus dem Baden-W\u00fcrttembergischen Landtag, Stand die Neuwahl im Arbeitskreis der Naturschutzpolitiker*innen in den deutschen Landtagen an. Zusammen mit MdL Silke Baksen, [&hellip;]<\/p>\n","protected":false},"author":-1,"featured_media":4890,"comment_status":"closed","ping_status":"closed","sticky":false,"template":"","format":"standard","meta":{"footnotes":""},"categories":[1],"tags":[],"class_list":["post-4889","post","type-post","status-publish","format-standard","has-post-thumbnail","hentry","category-sonstiges"],"_links":{"self":[{"href":"https:\/\/patrick-friedl.de\/wps\/wp-json\/wp\/v2\/posts\/4889","targetHints":{"allow":["GET"]}}],"collection":[{"href":"https:\/\/patrick-friedl.de\/wps\/wp-json\/wp\/v2\/posts"}],"about":[{"href":"https:\/\/patrick-friedl.de\/wps\/wp-json\/wp\/v2\/types\/post"}],"author":[{"embeddable":true,"href":"https:\/\/patrick-friedl.de\/wps\/wp-json\/wp\/v2\/users\/2"}],"replies":[{"embeddable":true,"href":"https:\/\/patrick-friedl.de\/wps\/wp-json\/wp\/v2\/comments?post=4889"}],"version-history":[{"count":2,"href":"https:\/\/patrick-friedl.de\/wps\/wp-json\/wp\/v2\/posts\/4889\/revisions"}],"predecessor-version":[{"id":4893,"href":"https:\/\/patrick-friedl.de\/wps\/wp-json\/wp\/v2\/posts\/4889\/revisions\/4893"}],"wp:featuredmedia":[{"embeddable":true,"href":"https:\/\/patrick-friedl.de\/wps\/wp-json\/wp\/v2\/media\/4890"}],"wp:attachment":[{"href":"https:\/\/patrick-friedl.de\/wps\/wp-json\/wp\/v2\/media?parent=4889"}],"wp:term":[{"taxonomy":"category","embeddable":true,"href":"https:\/\/patrick-friedl.de\/wps\/wp-json\/wp\/v2\/categories?post=4889"},{"taxonomy":"post_tag","embeddable":true,"href":"https:\/\/patrick-friedl.de\/wps\/wp-json\/wp\/v2\/tags?post=4889"}],"curies":[{"name":"wp","href":"https:\/\/api.w.org\/{rel}","templated":true}]}}