{"id":4877,"date":"2026-04-28T21:30:07","date_gmt":"2026-04-28T20:30:07","guid":{"rendered":"https:\/\/patrick-friedl.de\/wps\/?p=4877"},"modified":"2026-04-28T21:32:08","modified_gmt":"2026-04-28T20:32:08","slug":"klimaanpassung-bleibt-bei-soeder-regierung-abgehaengt","status":"publish","type":"post","link":"https:\/\/patrick-friedl.de\/wps\/2026\/04\/28\/klimaanpassung-bleibt-bei-soeder-regierung-abgehaengt\/","title":{"rendered":"Klimaanpassung bleibt bei S\u00f6der-Regierung abgeh\u00e4ngt"},"content":{"rendered":"\n<p><strong>MdL Patrick Friedl kritisiert Unterfinanzierung von Ma\u00dfnahmen zur Klimaanpassung<\/strong><\/p>\n\n\n\n<figure class=\"wp-block-embed is-type-video is-provider-youtube wp-block-embed-youtube wp-embed-aspect-16-9 wp-has-aspect-ratio\"><div class=\"wp-block-embed__wrapper\">\n<iframe loading=\"lazy\" title=\"Rede zum Umwelthaushaltsberatung im Bayerischen Landtag am 22.04.2026\" width=\"876\" height=\"493\" src=\"https:\/\/www.youtube.com\/embed\/LodNfR0gxY8?feature=oembed\" frameborder=\"0\" allow=\"accelerometer; autoplay; clipboard-write; encrypted-media; gyroscope; picture-in-picture; web-share\" referrerpolicy=\"strict-origin-when-cross-origin\" allowfullscreen><\/iframe>\n<\/div><\/figure>\n\n\n\n<p>L\u00e4ngere Hitzeperioden, D\u00fcrren, Starkregenereignisse, Sturzfluten und \u00dcberschwemmungen &#8211; die Klima\u00fcberhitzung wirkt sich bereits heute massiv auf bayerische Gemeinden aus. Diese wachsenden Unwetter-Risiken erfordern Handlungen und Investitionen durch die Gemeinden. Auch angesichts der schwierigen finanziellen Lage vieler Kommunen liegt der Bedarf deutlich \u00fcber den bisher vorgesehenen Mitteln, was sich auch daran ablesen l\u00e4sst, dass die Gemeinden seit September 2024 keine Antr\u00e4ge auf F\u00f6rderung mehr stellen k\u00f6nnen, weil der F\u00f6rdertopf nach wenigen Monaten schon wieder leer war.<\/p>\n\n\n\n<p>\u201eDie Kommunen brauchen jetzt finanzielle Unterst\u00fctzung, um dringend ben\u00f6tigte Ma\u00dfnahmen zur Klimaanpassung durchzuf\u00fchren\u201c, so der Gr\u00fcnen-Landtagsabgeordnete Patrick Friedl. \u201eSturzflutmanagementprojekte und Hitzeaktionspl\u00e4ne, Regenr\u00fcckhaltung in der Fl\u00e4che und Zisternen, Orts- und Geb\u00e4udebegr\u00fcnung, sowie Programme zur Entsiegelung von Fl\u00e4chen m\u00fcssen in ganz Bayern geplant und umgesetzt werden k\u00f6nnen.\u201c<\/p>\n\n\n\n<p>Mit diesem Doppelhaushalt l\u00e4sst die Staatsregierung unsere Gemeinden und St\u00e4dte im Starkregen stehen. Ausged\u00f6rrte Landschaften treffen so auf ausgetrocknete Haushalte. Die im jetzt bereitgestellten Mittel von rund 8,6 Millionen Euro j\u00e4hrlich decken diese Herausforderungen nicht. Beim letzten Doppelhaushalt waren die Mittel schon nach wenigen Monaten ausgesch\u00f6pft und es wurde bereits am 18. September 2024 ein Antragsstopp verk\u00fcndet. Seit \u00fcber eineinhalb Jahren gibt es keinen F\u00f6rder-Euro mehr f\u00fcr neue Klimama\u00dfnahmen und -planungen in Kommunen. \u201eAuch diesmal werden die Betr\u00e4ge in K\u00fcrze \u00fcberzeichnet sein werden\u201c kritisiert Patrick Friedl, Sprecher f\u00fcr Naturschutz und Klimaanpassung seiner Fraktion. \u201eBayern hat 2056 Gemeinden. Da sind 8,6 Millionen Euro j\u00e4hrlich ein Tropfen auf den hei\u00dfen Stein.\u201c Die Gr\u00fcnen-Landtagsfraktion hat hier in einem ersten Schritt eine Erh\u00f6hung auf 30 Millionen Euro pro Jahr beantragt \u2013 was von CSU und FW abgelehnt wurde.<\/p>\n\n\n\n<p>Patrick Friedl: \u201eKlimaanpassung bleibt so bei der S\u00f6der-Regierung abgeh\u00e4ngt.\u201c<\/p>\n\n\n\n<p>Der abgelehnte \u00c4nderungsantrag zum Doppelhaushalt und das Abstimmungsverhalten in Namentlicher Abstimmung sind im Anhang. Hier auch <a href=\"https:\/\/www.bayern.landtag.de\/www\/ElanTextAblage_WP19\/Drucksachen\/Basisdrucksachen\/0000008000\/0000008135.pdf\">der Link <\/a>dazu.<\/p>\n\n\n\n<p><\/p>\n","protected":false},"excerpt":{"rendered":"<p>MdL Patrick Friedl kritisiert Unterfinanzierung von Ma\u00dfnahmen zur Klimaanpassung L\u00e4ngere Hitzeperioden, D\u00fcrren, Starkregenereignisse, Sturzfluten und \u00dcberschwemmungen &#8211; die Klima\u00fcberhitzung wirkt sich bereits heute massiv auf bayerische Gemeinden aus. Diese wachsenden [&hellip;]<\/p>\n","protected":false},"author":-1,"featured_media":1337,"comment_status":"closed","ping_status":"closed","sticky":false,"template":"","format":"standard","meta":{"footnotes":""},"categories":[3,40],"tags":[],"class_list":["post-4877","post","type-post","status-publish","format-standard","has-post-thumbnail","hentry","category-landtag","category-pressemitteilungen-corona"],"_links":{"self":[{"href":"https:\/\/patrick-friedl.de\/wps\/wp-json\/wp\/v2\/posts\/4877","targetHints":{"allow":["GET"]}}],"collection":[{"href":"https:\/\/patrick-friedl.de\/wps\/wp-json\/wp\/v2\/posts"}],"about":[{"href":"https:\/\/patrick-friedl.de\/wps\/wp-json\/wp\/v2\/types\/post"}],"author":[{"embeddable":true,"href":"https:\/\/patrick-friedl.de\/wps\/wp-json\/wp\/v2\/users\/8"}],"replies":[{"embeddable":true,"href":"https:\/\/patrick-friedl.de\/wps\/wp-json\/wp\/v2\/comments?post=4877"}],"version-history":[{"count":3,"href":"https:\/\/patrick-friedl.de\/wps\/wp-json\/wp\/v2\/posts\/4877\/revisions"}],"predecessor-version":[{"id":4882,"href":"https:\/\/patrick-friedl.de\/wps\/wp-json\/wp\/v2\/posts\/4877\/revisions\/4882"}],"wp:featuredmedia":[{"embeddable":true,"href":"https:\/\/patrick-friedl.de\/wps\/wp-json\/wp\/v2\/media\/1337"}],"wp:attachment":[{"href":"https:\/\/patrick-friedl.de\/wps\/wp-json\/wp\/v2\/media?parent=4877"}],"wp:term":[{"taxonomy":"category","embeddable":true,"href":"https:\/\/patrick-friedl.de\/wps\/wp-json\/wp\/v2\/categories?post=4877"},{"taxonomy":"post_tag","embeddable":true,"href":"https:\/\/patrick-friedl.de\/wps\/wp-json\/wp\/v2\/tags?post=4877"}],"curies":[{"name":"wp","href":"https:\/\/api.w.org\/{rel}","templated":true}]}}