{"id":444,"date":"2021-09-23T13:31:18","date_gmt":"2021-09-23T12:31:18","guid":{"rendered":"https:\/\/patrick-friedl.de\/wps\/2022\/01\/31\/konzept-unser-moor-erhalten-was-uns-erhaelt\/"},"modified":"2025-03-19T14:59:00","modified_gmt":"2025-03-19T14:59:00","slug":"konzept-unser-moor-erhalten-was-uns-erhaelt","status":"publish","type":"post","link":"https:\/\/patrick-friedl.de\/wps\/2021\/09\/23\/konzept-unser-moor-erhalten-was-uns-erhaelt\/","title":{"rendered":"Unser Moor"},"content":{"rendered":"<p><span dir=\"ltr\"><img loading=\"lazy\" decoding=\"async\" class=\" size-full wp-image-443\" style=\"display: block; margin-left: auto; margin-right: auto;\" src=\"http:\/\/patrick-friedl.de\/wps\/wp-content\/uploads\/2022\/01\/Konzept_Unser_Moor.png\" alt=\"\" width=\"946\" height=\"1340\" srcset=\"https:\/\/patrick-friedl.de\/wps\/wp-content\/uploads\/2022\/01\/Konzept_Unser_Moor.png 946w, https:\/\/patrick-friedl.de\/wps\/wp-content\/uploads\/2022\/01\/Konzept_Unser_Moor-212x300.png 212w, https:\/\/patrick-friedl.de\/wps\/wp-content\/uploads\/2022\/01\/Konzept_Unser_Moor-723x1024.png 723w, https:\/\/patrick-friedl.de\/wps\/wp-content\/uploads\/2022\/01\/Konzept_Unser_Moor-768x1088.png 768w\" sizes=\"auto, (max-width: 946px) 100vw, 946px\" \/><br \/><\/span><\/p>\n<p><span id=\"page1R_mcid10\"><span dir=\"ltr\">Bayern ist ein moorreiches Land. Noch vor 250 Jahren stand die Urbarmachung <\/span><\/span><span id=\"page1R_mcid11\"><\/span><span id=\"page1R_mcid12\"><\/span><span id=\"page1R_mcid12\"><span dir=\"ltr\">der Moore im Fokus, allein um landwirtschaftlich nutzbare Fl\u00e4chen zur Ern\u00e4hrung <\/span><\/span><span id=\"page1R_mcid13\"><span dir=\"ltr\">der Bev\u00f6lkerung zu gewinnen. So wurde im altbayerischen Donaumoos ab 1790 <\/span><\/span><span id=\"page1R_mcid14\"><\/span><span id=\"page1R_mcid15\"><span dir=\"ltr\">eine weitgehend unzug\u00e4ngliche Sumpflandschaft mit 473 km Gr\u00e4ben entw\u00e4ssert. <\/span><\/span><span id=\"page1R_mcid16\"><span dir=\"ltr\">Damit wurde die \u201egr\u00f6\u00dfte Neulandgewinnung f\u00fcr b\u00e4uerliche Siedelungen im s\u00fcd<\/span><\/span><span id=\"page1R_mcid17\"><span dir=\"ltr\">&#8211;<\/span><\/span><span id=\"page1R_mcid18\"><br \/><span dir=\"ltr\">deutschen Raum in neuerer Zeit\u201c mit der Trockenlegung und planvollen Besiedelung <\/span><\/span><span id=\"page1R_mcid19\"><span dir=\"ltr\">des Donaumooses durch landesweit angeworbene Siedler*innen umgesetzt. Wie <\/span><\/span><span id=\"page1R_mcid20\"><span dir=\"ltr\">bei anderen Gro\u00dfprojekten auch, zeigte sich schon bald, dass Eingriffe in die Natur <\/span><\/span><span id=\"page1R_mcid21\"><span dir=\"ltr\">problematisch sind. Neben dem Verlust der Biodiversit\u00e4t ist dies vor allem der Ab<\/span><\/span><span id=\"page1R_mcid23\"><span dir=\"ltr\">bau der Torfsubstanz durch die Entw\u00e4sserung und die damit einhergehende mas<\/span><\/span><span id=\"page1R_mcid25\"><span dir=\"ltr\">sive Freisetzung von Klimagasen. Allein das Donaumoos ist j\u00e4hrlich f\u00fcr eine halbe <\/span><\/span><span id=\"page1R_mcid26\"><span dir=\"ltr\">Million Tonnen Treibhausgas verantwortlich und damit f\u00fcr 9<\/span> <span dir=\"ltr\">% aller aus bayerischen <\/span><\/span><span id=\"page1R_mcid27\"><span dir=\"ltr\">Mooren stammenden Klimagase. Aus Klima-, Natur- und Artenschutzgr\u00fcnden ist <\/span><\/span><span id=\"page1R_mcid28\"><span dir=\"ltr\">Moorschutz unverzichtbar.<\/span><\/span><\/p>\n<p><span dir=\"ltr\">Das Konzept Unser Moor stellt unsere Ziele und konkrete Ma\u00dfnahmen zum Schutz der Moore vor. <a href=\"http:\/\/patrick-friedl.de\/wps\/wp-content\/uploads\/2021\/11\/2021_Unser_Moor.pdf\" target=\"_blank\" rel=\"noopener noreferrer\">Hier k\u00f6nnen Sie das Papier als PDF herunterladen. <\/a><\/span><\/p>\n","protected":false},"excerpt":{"rendered":"<p>Bayern ist ein moorreiches Land. Noch vor 250 Jahren stand die Urbarmachung der Moore im Fokus, allein um landwirtschaftlich nutzbare Fl\u00e4chen zur Ern\u00e4hrung der Bev\u00f6lkerung zu gewinnen. So wurde im [&hellip;]<\/p>\n","protected":false},"author":-1,"featured_media":443,"comment_status":"closed","ping_status":"closed","sticky":false,"template":"","format":"standard","meta":{"footnotes":""},"categories":[47,71],"tags":[70,67],"class_list":["post-444","post","type-post","status-publish","format-standard","has-post-thumbnail","hentry","category-positionen","category-startseite","tag-positionspapier-moor","tag-startseite"],"_links":{"self":[{"href":"https:\/\/patrick-friedl.de\/wps\/wp-json\/wp\/v2\/posts\/444","targetHints":{"allow":["GET"]}}],"collection":[{"href":"https:\/\/patrick-friedl.de\/wps\/wp-json\/wp\/v2\/posts"}],"about":[{"href":"https:\/\/patrick-friedl.de\/wps\/wp-json\/wp\/v2\/types\/post"}],"author":[{"embeddable":true,"href":"https:\/\/patrick-friedl.de\/wps\/wp-json\/wp\/v2\/users\/8"}],"replies":[{"embeddable":true,"href":"https:\/\/patrick-friedl.de\/wps\/wp-json\/wp\/v2\/comments?post=444"}],"version-history":[{"count":2,"href":"https:\/\/patrick-friedl.de\/wps\/wp-json\/wp\/v2\/posts\/444\/revisions"}],"predecessor-version":[{"id":1100,"href":"https:\/\/patrick-friedl.de\/wps\/wp-json\/wp\/v2\/posts\/444\/revisions\/1100"}],"wp:featuredmedia":[{"embeddable":true,"href":"https:\/\/patrick-friedl.de\/wps\/wp-json\/wp\/v2\/media\/443"}],"wp:attachment":[{"href":"https:\/\/patrick-friedl.de\/wps\/wp-json\/wp\/v2\/media?parent=444"}],"wp:term":[{"taxonomy":"category","embeddable":true,"href":"https:\/\/patrick-friedl.de\/wps\/wp-json\/wp\/v2\/categories?post=444"},{"taxonomy":"post_tag","embeddable":true,"href":"https:\/\/patrick-friedl.de\/wps\/wp-json\/wp\/v2\/tags?post=444"}],"curies":[{"name":"wp","href":"https:\/\/api.w.org\/{rel}","templated":true}]}}