{"id":442,"date":"2022-09-30T13:14:12","date_gmt":"2022-09-30T12:14:12","guid":{"rendered":"https:\/\/patrick-friedl.de\/wps\/2022\/01\/31\/strategiepapier-klimaanpassung\/"},"modified":"2023-12-11T15:56:30","modified_gmt":"2023-12-11T15:56:30","slug":"strategiepapier-klimaanpassung","status":"publish","type":"post","link":"https:\/\/patrick-friedl.de\/wps\/2022\/09\/30\/strategiepapier-klimaanpassung\/","title":{"rendered":"Klimaanpassung"},"content":{"rendered":"<p><span dir=\"ltr\"><img loading=\"lazy\" decoding=\"async\" class=\" size-full wp-image-440\" style=\"display: block; margin-left: auto; margin-right: auto;\" src=\"http:\/\/patrick-friedl.de\/wps\/wp-content\/uploads\/2022\/01\/Strategiepapier_Klimaanpassung.png\" alt=\"\" width=\"956\" height=\"1348\" srcset=\"https:\/\/patrick-friedl.de\/wps\/wp-content\/uploads\/2022\/01\/Strategiepapier_Klimaanpassung.png 956w, https:\/\/patrick-friedl.de\/wps\/wp-content\/uploads\/2022\/01\/Strategiepapier_Klimaanpassung-213x300.png 213w, https:\/\/patrick-friedl.de\/wps\/wp-content\/uploads\/2022\/01\/Strategiepapier_Klimaanpassung-726x1024.png 726w, https:\/\/patrick-friedl.de\/wps\/wp-content\/uploads\/2022\/01\/Strategiepapier_Klimaanpassung-768x1083.png 768w\" sizes=\"auto, (max-width: 956px) 100vw, 956px\" \/><\/span><\/p>\n<p><span dir=\"ltr\"><br \/>Das Klima der Erde ger\u00e4t immer mehr aus dem Gleichgewicht. Die Auswirkungen sp\u00fcren wir schon heute <\/span><span dir=\"ltr\">massiv, werden sie aber in den kommenden Jahren noch deutlicher zu sp\u00fcren bekommen. Bisher gibt es von <\/span><span dir=\"ltr\">der Bayerischen Staatsregierung nur allgemeine Handreichungen f\u00fcr die Kommunen. Die Umsetzung soll <\/span><span dir=\"ltr\">von den Gemeinden allein gestemmt werden. Damit verkennt die Staatsregierung die Dimension der Klima<\/span><span dir=\"ltr\">anpassung. Hier m\u00fcssen alle zusammenstehen, um die Auswirkungen der Klima\u00fcberhitzung m\u00f6glichst abzu<\/span><span dir=\"ltr\">mildern. Der Freistaat ist in der Pflicht die Kommunen dabei nach Kr\u00e4ften finanziell zu unterst\u00fctzen. <\/span><span dir=\"ltr\">Dieses Papier ist eine Handreichung f\u00fcr alle Menschen. Sie soll Anregungen geben, wie wir mit den Aus<\/span><span dir=\"ltr\">wirkungen der Klima\u00fcberhitzung besser umgehen k\u00f6nnen und was wir politisch, in unseren beruflichen und <\/span><span dir=\"ltr\">ehrenamtlichen Wirkungskreisen sowie privat vor Ort dazu beitragen k\u00f6nnen. <\/span><span dir=\"ltr\">Wir arbeiten gemeinsam daran, dass davon so viel so schnell wie m\u00f6glich in Bayern umgesetzt wird. Wir <\/span><span dir=\"ltr\">freuen uns \u00fcber Anfragen, Hinweise, Anregungen und Mitteilungen \u00fcber erfolgreiche Projekte. <br \/><\/span><\/p>\n<p><span dir=\"ltr\"><a href=\"http:\/\/patrick-friedl.de\/wps\/wp-content\/uploads\/2022\/01\/2020_Klimaanpassung.pdf\" target=\"_blank\" rel=\"noopener noreferrer\">Das Strategiepapier Klimaanpassung (PDF) k\u00f6nnen Sie hier herunterladen. <\/a><\/span><\/p>\n","protected":false},"excerpt":{"rendered":"<p>Das Klima der Erde ger\u00e4t immer mehr aus dem Gleichgewicht. Die Auswirkungen sp\u00fcren wir schon heute massiv, werden sie aber in den kommenden Jahren noch deutlicher zu sp\u00fcren bekommen. Bisher [&hellip;]<\/p>\n","protected":false},"author":-1,"featured_media":440,"comment_status":"closed","ping_status":"closed","sticky":false,"template":"","format":"standard","meta":{"footnotes":""},"categories":[47,71],"tags":[69,67],"class_list":["post-442","post","type-post","status-publish","format-standard","has-post-thumbnail","hentry","category-positionen","category-startseite","tag-positionspapier-klimaanpassung","tag-startseite"],"_links":{"self":[{"href":"https:\/\/patrick-friedl.de\/wps\/wp-json\/wp\/v2\/posts\/442","targetHints":{"allow":["GET"]}}],"collection":[{"href":"https:\/\/patrick-friedl.de\/wps\/wp-json\/wp\/v2\/posts"}],"about":[{"href":"https:\/\/patrick-friedl.de\/wps\/wp-json\/wp\/v2\/types\/post"}],"author":[{"embeddable":true,"href":"https:\/\/patrick-friedl.de\/wps\/wp-json\/wp\/v2\/users\/8"}],"replies":[{"embeddable":true,"href":"https:\/\/patrick-friedl.de\/wps\/wp-json\/wp\/v2\/comments?post=442"}],"version-history":[{"count":2,"href":"https:\/\/patrick-friedl.de\/wps\/wp-json\/wp\/v2\/posts\/442\/revisions"}],"predecessor-version":[{"id":1097,"href":"https:\/\/patrick-friedl.de\/wps\/wp-json\/wp\/v2\/posts\/442\/revisions\/1097"}],"wp:featuredmedia":[{"embeddable":true,"href":"https:\/\/patrick-friedl.de\/wps\/wp-json\/wp\/v2\/media\/440"}],"wp:attachment":[{"href":"https:\/\/patrick-friedl.de\/wps\/wp-json\/wp\/v2\/media?parent=442"}],"wp:term":[{"taxonomy":"category","embeddable":true,"href":"https:\/\/patrick-friedl.de\/wps\/wp-json\/wp\/v2\/categories?post=442"},{"taxonomy":"post_tag","embeddable":true,"href":"https:\/\/patrick-friedl.de\/wps\/wp-json\/wp\/v2\/tags?post=442"}],"curies":[{"name":"wp","href":"https:\/\/api.w.org\/{rel}","templated":true}]}}