{"id":439,"date":"2021-07-31T12:28:31","date_gmt":"2021-07-31T11:28:31","guid":{"rendered":"https:\/\/patrick-friedl.de\/wps\/2022\/01\/31\/konzeptpapier-naturschutz-fuer-den-erhalt-unserer-lebensgrundlagen\/"},"modified":"2025-03-19T14:18:15","modified_gmt":"2025-03-19T14:18:15","slug":"konzeptpapier-naturschutz-fuer-den-erhalt-unserer-lebensgrundlagen","status":"publish","type":"post","link":"https:\/\/patrick-friedl.de\/wps\/2021\/07\/31\/konzeptpapier-naturschutz-fuer-den-erhalt-unserer-lebensgrundlagen\/","title":{"rendered":"Naturschutz"},"content":{"rendered":"\n<figure class=\"wp-block-image\"><img loading=\"lazy\" decoding=\"async\" width=\"790\" height=\"1124\" src=\"http:\/\/patrick-friedl.de\/wps\/wp-content\/uploads\/2022\/01\/Konzeptpapier_Naturschutz.png\" alt=\"\" class=\"wp-image-437\" srcset=\"https:\/\/patrick-friedl.de\/wps\/wp-content\/uploads\/2022\/01\/Konzeptpapier_Naturschutz.png 790w, https:\/\/patrick-friedl.de\/wps\/wp-content\/uploads\/2022\/01\/Konzeptpapier_Naturschutz-211x300.png 211w, https:\/\/patrick-friedl.de\/wps\/wp-content\/uploads\/2022\/01\/Konzeptpapier_Naturschutz-720x1024.png 720w, https:\/\/patrick-friedl.de\/wps\/wp-content\/uploads\/2022\/01\/Konzeptpapier_Naturschutz-768x1093.png 768w\" sizes=\"auto, (max-width: 790px) 100vw, 790px\" \/><\/figure>\n\n\n\n<p><span id=\"page1R_mcid17\"><span dir=\"ltr\"><span id=\"page1R_mcid6\"><span dir=\"ltr\"><br>Umwelt- und Naturschutz geh\u00f6ren zu den Kernthemen von B\u00fcndnis 90\/Die Gr\u00fcnen. <\/span><\/span>Wir sind davon \u00fcberzeugt, dass wir nur mit wirksamem Natur-, Umwelt- und Artenschutz dauerhaft unsere <\/span><\/span><span id=\"page1R_mcid18\"><span dir=\"ltr\">Lebensgrundlagen sichern und uns als Menschen auf der Erde \u00fcberlebensf\u00e4hig halten k\u00f6nnen. D<span id=\"page1R_mcid6\"><span dir=\"ltr\">er Erhalt der <\/span><\/span><span id=\"page1R_mcid7\"><span dir=\"ltr\">nat\u00fcrlichen Lebensgrundlagen und die Sicherung einer intakten Umwelt auch f\u00fcr zuk\u00fcnftige Generationen <\/span><\/span><span id=\"page1R_mcid8\"><span dir=\"ltr\">geh\u00f6rt f\u00fcr uns Gr\u00fcne wie der Schutz der Natur um ihrer selbst willen zu unseren wichtigsten politischen <\/span><\/span><span id=\"page1R_mcid9\"><span dir=\"ltr\">und gesellschaftlichen Aufgaben. Naturschutz und Artenschutz geh\u00f6ren zusammen. <\/span><\/span> Dabei i<\/span><\/span><span id=\"page1R_mcid19\"><span dir=\"ltr\">st Naturschutz heute untrennbar mit dem Schutz des Klimas verbunden, da unsere Natur und unsere <\/span><\/span><span id=\"page1R_mcid20\"><span dir=\"ltr\">Artenvielfalt nur erhalten werden k\u00f6nnen, wenn es uns gelingt die Klimaerhitzung zu stoppen. <br><\/span><\/span><\/p>\n\n\n\n<p><span dir=\"ltr\">Unsere Ziele und konkrete Ma\u00dfnahmen f\u00fcr einen wirksamen Natur-, Umwelt und Artenschutz haben wir in einem Konzeptpapier festgehalten. <a href=\"http:\/\/patrick-friedl.de\/wps\/wp-content\/uploads\/2022\/01\/2021_Naturschutz.pdf\">Hier k\u00f6nnen Sie das Konzeptpapier Naturschutz (PDF) herunterladen.<\/a><\/span><\/p>\n","protected":false},"excerpt":{"rendered":"<p>Umwelt- und Naturschutz geh\u00f6ren zu den Kernthemen von B\u00fcndnis 90\/Die Gr\u00fcnen. Wir sind davon \u00fcberzeugt, dass wir nur mit wirksamem Natur-, Umwelt- und Artenschutz dauerhaft unsere Lebensgrundlagen sichern und uns [&hellip;]<\/p>\n","protected":false},"author":-1,"featured_media":437,"comment_status":"closed","ping_status":"closed","sticky":false,"template":"","format":"standard","meta":{"footnotes":""},"categories":[47,71],"tags":[68,67],"class_list":["post-439","post","type-post","status-publish","format-standard","has-post-thumbnail","hentry","category-positionen","category-startseite","tag-positionspapier-naturschutz","tag-startseite"],"_links":{"self":[{"href":"https:\/\/patrick-friedl.de\/wps\/wp-json\/wp\/v2\/posts\/439","targetHints":{"allow":["GET"]}}],"collection":[{"href":"https:\/\/patrick-friedl.de\/wps\/wp-json\/wp\/v2\/posts"}],"about":[{"href":"https:\/\/patrick-friedl.de\/wps\/wp-json\/wp\/v2\/types\/post"}],"author":[{"embeddable":true,"href":"https:\/\/patrick-friedl.de\/wps\/wp-json\/wp\/v2\/users\/8"}],"replies":[{"embeddable":true,"href":"https:\/\/patrick-friedl.de\/wps\/wp-json\/wp\/v2\/comments?post=439"}],"version-history":[{"count":3,"href":"https:\/\/patrick-friedl.de\/wps\/wp-json\/wp\/v2\/posts\/439\/revisions"}],"predecessor-version":[{"id":1115,"href":"https:\/\/patrick-friedl.de\/wps\/wp-json\/wp\/v2\/posts\/439\/revisions\/1115"}],"wp:featuredmedia":[{"embeddable":true,"href":"https:\/\/patrick-friedl.de\/wps\/wp-json\/wp\/v2\/media\/437"}],"wp:attachment":[{"href":"https:\/\/patrick-friedl.de\/wps\/wp-json\/wp\/v2\/media?parent=439"}],"wp:term":[{"taxonomy":"category","embeddable":true,"href":"https:\/\/patrick-friedl.de\/wps\/wp-json\/wp\/v2\/categories?post=439"},{"taxonomy":"post_tag","embeddable":true,"href":"https:\/\/patrick-friedl.de\/wps\/wp-json\/wp\/v2\/tags?post=439"}],"curies":[{"name":"wp","href":"https:\/\/api.w.org\/{rel}","templated":true}]}}