{"id":419,"date":"2021-12-20T09:55:38","date_gmt":"2021-12-20T09:55:38","guid":{"rendered":"https:\/\/patrick-friedl.de\/wps\/2021\/12\/20\/musterantrag-durchfuehrung-des-klimachecks-fuer-kommunen-selbst-erstellt\/"},"modified":"2021-12-20T09:55:38","modified_gmt":"2021-12-20T09:55:38","slug":"musterantrag-durchfuehrung-des-klimachecks-fuer-kommunen-selbst-erstellt","status":"publish","type":"post","link":"https:\/\/patrick-friedl.de\/wps\/2021\/12\/20\/musterantrag-durchfuehrung-des-klimachecks-fuer-kommunen-selbst-erstellt\/","title":{"rendered":"Musterantrag Durchf\u00fchrung des \u201eKlimachecks f\u00fcr Kommunen\u201c (selbst erstellt)"},"content":{"rendered":"<p>Die Gemeinde \u2026\/Die Stadt \u2026 m\u00f6ge beschlie\u00dfen:<\/p>\n<p>Die Gemeinde \u2026\/Die Stadt \u2026 f\u00fchrt den \u201eKlimacheck f\u00fcr Kommunen\u201c durch, der vom Bayerischen Staatsministerium f\u00fcr Umwelt und Verbraucherschutz erarbeitet wurde, und berichtet dem Gemeinderat\/Stadtrat \u00fcber die Ergebnisse.<\/p>\n<p><!--more--><\/p>\n<p>Begr\u00fcndung:<\/p>\n<p>Der Klimacheck wurde vom bayerischen Staatsministerium f\u00fcr Umwelt und Verbraucherschutz entwickelt, um die Kommunen bei der Klimaanpassung zu unterst\u00fctzen. Auf der Website des Ministeriums hei\u00dft es:<\/p>\n<p>\u201eUm die konkrete Betroffenheit in Erfahrung zu bringen und die Auswirkungen wie Hitzebelastung, Trockenheit oder Hochwasser f\u00fcr die Kommunen absch\u00e4tzbar zu machen, wurde ein interaktives PDF-Tool f\u00fcr Gemeinden \u2013 der \u201eKlimacheck\u201c entwickelt. Neben Informationen \u00fcber den Klimawandel und dessen Folgen in Bayern und seinen Auswirkungen, kann der \u201eKlimacheck\u201c auch den jeweiligen Anpassungsbedarf ermitteln und den Gemeinden mit Strategieoptionen zur Seite stehen.\u201c<\/p>\n<p>Neben den oben genannten Problematiken (Hitzebelastung, Trockenheit, Hochwasser) besch\u00e4ftigt sich der Klimacheck auch mit Sturmereignissen, Lawinengefahr, Georisiken und Schneebedeckung \u2013 jeweils unter Ber\u00fccksichtigung der spezifischen lokalen Gegebenheiten. Die Durchf\u00fchrung des Klimachecks ist ein einfacher, aber wichtiger erster Schritt, um unsere Gemeinde\/Stadt auf die Auswirkungen der Klima\u00fcberhitzung vorzubereiten.<\/p>\n<p>PS: Alle weiteren Informationen zum Klimacheck finden sich auf der Website des Umweltministeriums:<\/p>\n<p><a href=\"https:\/\/www.stmuv.bayern.de\/themen\/klimaschutz\/kommunal\/klimacheck.htm\" target=\"_blank\" rel=\"noopener noreferrer\">https:\/\/www.stmuv.bayern.de\/themen\/klimaschutz\/kommunal\/klimacheck.htm<\/a><\/p>\n<p>Der Klimacheck kann als zip-Datei heruntergeladen (<a href=\"https:\/\/w3-mediapool.hm.edu\/mediapool\/media\/fk14\/fk14_lokal\/forschungundprojekte\/c3_alps\/Klimacheck.zip\" target=\"_blank\" rel=\"noopener noreferrer\">https:\/\/w3-mediapool.hm.edu\/mediapool\/media\/fk14\/fk14_lokal\/forschungundprojekte\/c3_alps\/Klimacheck.zip<\/a>) oder als USB-Stick angefordert (<a href=\"#\" data-unscramble=\"ed.nreyab.vumts@ztuhcsamilk\" target=\"_blank\" rel=\"noopener noreferrer\">klimaschutz@stmuv.bayern.de<\/a>) werden.<\/p>\n","protected":false},"excerpt":{"rendered":"<p>Die Gemeinde \u2026\/Die Stadt \u2026 m\u00f6ge beschlie\u00dfen: Die Gemeinde \u2026\/Die Stadt \u2026 f\u00fchrt den \u201eKlimacheck f\u00fcr Kommunen\u201c durch, der vom Bayerischen Staatsministerium f\u00fcr Umwelt und Verbraucherschutz erarbeitet wurde, und berichtet [&hellip;]<\/p>\n","protected":false},"author":-1,"featured_media":0,"comment_status":"open","ping_status":"open","sticky":false,"template":"","format":"standard","meta":{"footnotes":""},"categories":[42],"tags":[],"class_list":["post-419","post","type-post","status-publish","format-standard","hentry","category-musterantraege-kommunal"],"_links":{"self":[{"href":"https:\/\/patrick-friedl.de\/wps\/wp-json\/wp\/v2\/posts\/419","targetHints":{"allow":["GET"]}}],"collection":[{"href":"https:\/\/patrick-friedl.de\/wps\/wp-json\/wp\/v2\/posts"}],"about":[{"href":"https:\/\/patrick-friedl.de\/wps\/wp-json\/wp\/v2\/types\/post"}],"author":[{"embeddable":true,"href":"https:\/\/patrick-friedl.de\/wps\/wp-json\/wp\/v2\/users\/8"}],"replies":[{"embeddable":true,"href":"https:\/\/patrick-friedl.de\/wps\/wp-json\/wp\/v2\/comments?post=419"}],"version-history":[{"count":0,"href":"https:\/\/patrick-friedl.de\/wps\/wp-json\/wp\/v2\/posts\/419\/revisions"}],"wp:attachment":[{"href":"https:\/\/patrick-friedl.de\/wps\/wp-json\/wp\/v2\/media?parent=419"}],"wp:term":[{"taxonomy":"category","embeddable":true,"href":"https:\/\/patrick-friedl.de\/wps\/wp-json\/wp\/v2\/categories?post=419"},{"taxonomy":"post_tag","embeddable":true,"href":"https:\/\/patrick-friedl.de\/wps\/wp-json\/wp\/v2\/tags?post=419"}],"curies":[{"name":"wp","href":"https:\/\/api.w.org\/{rel}","templated":true}]}}