{"id":418,"date":"2021-12-20T09:52:25","date_gmt":"2021-12-20T09:52:25","guid":{"rendered":"https:\/\/patrick-friedl.de\/wps\/2021\/12\/20\/friedl-giftige-bleimunition-gehoert-nicht-in-bayerns-waelder\/"},"modified":"2021-12-20T09:52:25","modified_gmt":"2021-12-20T09:52:25","slug":"friedl-giftige-bleimunition-gehoert-nicht-in-bayerns-waelder","status":"publish","type":"post","link":"https:\/\/patrick-friedl.de\/wps\/2021\/12\/20\/friedl-giftige-bleimunition-gehoert-nicht-in-bayerns-waelder\/","title":{"rendered":"Friedl: \u201eGiftige Bleimunition geh\u00f6rt nicht in Bayerns W\u00e4lder\u201c"},"content":{"rendered":"<p><img loading=\"lazy\" decoding=\"async\" class=\" size-full wp-image-417\" src=\"http:\/\/patrick-friedl.de\/wps\/wp-content\/uploads\/2021\/12\/2021_08_13_Wald.jpg\" alt=\"\" width=\"1920\" height=\"1280\" srcset=\"https:\/\/patrick-friedl.de\/wps\/wp-content\/uploads\/2021\/12\/2021_08_13_Wald.jpg 1920w, https:\/\/patrick-friedl.de\/wps\/wp-content\/uploads\/2021\/12\/2021_08_13_Wald-300x200.jpg 300w, https:\/\/patrick-friedl.de\/wps\/wp-content\/uploads\/2021\/12\/2021_08_13_Wald-1024x683.jpg 1024w, https:\/\/patrick-friedl.de\/wps\/wp-content\/uploads\/2021\/12\/2021_08_13_Wald-768x512.jpg 768w, https:\/\/patrick-friedl.de\/wps\/wp-content\/uploads\/2021\/12\/2021_08_13_Wald-1536x1024.jpg 1536w\" sizes=\"auto, (max-width: 1920px) 100vw, 1920px\" \/><\/p>\n<p><strong>Gr\u00fcnen-MdL Patrick Friedl kritisiert zu geringes Engagement der Bayerischen Staatsregierung f\u00fcr eine Umstellung auf bleifreie Jagdmunition in Bayern<\/strong><\/p>\n<p>Seit Jahren sind die negativen Auswirkungen bleihaltiger Jagdmunition bekannt und wissenschaftlich belegt. Die Verwendung von Bleischrot beeintr\u00e4chtigt die Qualit\u00e4t von Gew\u00e4ssern und kann Wasserv\u00f6gel und aasfressende Greifv\u00f6gel, etwa in Bayern lebende See- oder Steinadler sowie die gerade erst wieder angesiedelten Bartgeier vergiften und t\u00f6ten. \u00dcber den Verzehr von Wildbret nimmt auch der Mensch Spuren des hochtoxischen Schwermetalls in den K\u00f6rper auf.<\/p>\n<p>\u201eAuch Bayern muss endlich auf bleifreie Munition umstellen\u201c, so Patrick Friedl, Sprecher f\u00fcr Naturschutz und Klimaanpassung der Landtagsfraktion von B\u00fcndnis 90\/Die Gr\u00fcnen. \u201eEs gibt gute bleifreie Alternativen. In anderen Bundesl\u00e4ndern wie Schleswig-Holstein und Baden-W\u00fcrttemberg ist inzwischen ausschlie\u00dflich bleifreie Munition f\u00fcr die Jagd zugelassen. Bayern ist gefordert diesen Weg auch endlich konsequent zu beschreiten.\u201c<\/p>\n<p><!--more--><\/p>\n<p><strong>Einf\u00fchrung bleifreier Munition bei den Bayerischen Staatsforsten ab 2022 ist zu wenig<\/strong><\/p>\n<p>Die Bayerischen Staatsforsten (BaySF) verwenden ab 1. April 2022 nur noch bleifreie Jagdmunition, so eine j\u00fcngst bekanntgegebene Verordnung. Die BaySF bewirtschaften 756 000 Hektar Wald, das sind 30 Prozent der W\u00e4lder im Freistaat. \u201eDie Einf\u00fchrung bleifreier Munition bei der Jagd in den Staatsforsten ist zu wenig. Wir brauchen eine fl\u00e4chendeckende und zeitnahe Umstellung auf bleifreie Jagdmunition f\u00fcr ganz Bayern, auch in Privatw\u00e4ldern.\u201c Leider darf f\u00fcr einzelne staatliche Forstbetriebe die \u00dcbergangsfrist f\u00fcr die Umstellung in Ausnahmef\u00e4llen auf bleifreie Munition bis 31. M\u00e4rz 2023 verl\u00e4ngert werden. Patrick Friedl: \u201eDieser Umstellungszeitrum f\u00fcr die Staatsforsten ist zu lang. Je fr\u00fcher wir komplett vom Blei wegkommen, umso besser f\u00fcr Mensch und Umwelt.\u201c<\/p>\n<p>Dem vorausgegangen waren eine <a href=\"https:\/\/www1.bayern.landtag.de\/www\/ElanTextAblage_WP18\/Drucksachen\/Schriftliche%20Anfragen\/18_0016001.pdf\" target=\"_blank\" rel=\"noopener noreferrer\">Schriftliche Anfrage von Patrick Friedl zu den negativen Auswirkungen von Bleimunition in Bayern<\/a>. Gerade auch der Landesbundes f\u00fcr Vogelschutz (LBV) setzt sich seit Jahren intensiv f\u00fcr bleifreie Jagdmunition ein. In der Schriftlichen Anfrage fragte Friedl die Bayerische Staatsregierung, wie viele bleihaltige Geschosse und wie viel Tonnen Blei j\u00e4hrlich in Bayern in die Umwelt gelangten. Die Antwort der Staatsregierung im Juli 2021: \u201eDer Staatsregierung liegen hierzu keine Daten vor.\u201c Friedl: \u201eEs ist traurig, dass die Staatsregierung nicht einmal wei\u00df, wie viel giftiges Blei in Bayern verschossen wird und dann in der Umwelt landet. Das Blei reichert sich in \u00d6kosystemen an und vergiftet Gew\u00e4sser, Tiere und auch Menschen. Jeder dritte bis vierte Seeadler, der in Deutschland tot aufgefunden wird, ist nach Studien des Leibniz-Instituts an einer Bleivergiftung gestorben. Regional sind die Zahlen teilweise sogar deutlich h\u00f6her.\u201c<\/p>\n<p><strong>Jedes Jahr mindestens eine Million V\u00f6gel an Bleivergiftungen in der EU gestorben<\/strong><\/p>\n<p>Expert*innen sch\u00e4tzen, dass jedes Jahr \u00fcber eine Million V\u00f6gel in der Europ\u00e4ischen Union (EU) qualvoll an Bleivergiftungen sterben. Die EU hatte deshalb bereits 2020 eine Umstellung auf bleifreie Schrot-Munition beschlossen, jedoch nur bei der Jagd in Feuchtgebieten. Landwirtschaftsministerin Julia Kl\u00f6ckner hat sich lange gegen den Kommissionsentwurf gestellt und mit der l\u00e4ngst durch Studien widerlegten Argumentation bleihaltige Munition sei zuverl\u00e4ssiger als bleifreie. Friedl: \u201eAuch in Bayerns W\u00e4ldern brauchen wir die bleifreie Jagd zum Schutz von Mensch, Tier und Umwelt.\u201c<\/p>\n<p>Foto: pixabay<\/p>\n","protected":false},"excerpt":{"rendered":"<p>Gr\u00fcnen-MdL Patrick Friedl kritisiert zu geringes Engagement der Bayerischen Staatsregierung f\u00fcr eine Umstellung auf bleifreie Jagdmunition in Bayern Seit Jahren sind die negativen Auswirkungen bleihaltiger Jagdmunition bekannt und wissenschaftlich belegt. [&hellip;]<\/p>\n","protected":false},"author":-1,"featured_media":417,"comment_status":"open","ping_status":"open","sticky":false,"template":"","format":"standard","meta":{"footnotes":""},"categories":[31],"tags":[],"class_list":["post-418","post","type-post","status-publish","format-standard","has-post-thumbnail","hentry","category-pressemitteilungen"],"_links":{"self":[{"href":"https:\/\/patrick-friedl.de\/wps\/wp-json\/wp\/v2\/posts\/418","targetHints":{"allow":["GET"]}}],"collection":[{"href":"https:\/\/patrick-friedl.de\/wps\/wp-json\/wp\/v2\/posts"}],"about":[{"href":"https:\/\/patrick-friedl.de\/wps\/wp-json\/wp\/v2\/types\/post"}],"author":[{"embeddable":true,"href":"https:\/\/patrick-friedl.de\/wps\/wp-json\/wp\/v2\/users\/8"}],"replies":[{"embeddable":true,"href":"https:\/\/patrick-friedl.de\/wps\/wp-json\/wp\/v2\/comments?post=418"}],"version-history":[{"count":0,"href":"https:\/\/patrick-friedl.de\/wps\/wp-json\/wp\/v2\/posts\/418\/revisions"}],"wp:featuredmedia":[{"embeddable":true,"href":"https:\/\/patrick-friedl.de\/wps\/wp-json\/wp\/v2\/media\/417"}],"wp:attachment":[{"href":"https:\/\/patrick-friedl.de\/wps\/wp-json\/wp\/v2\/media?parent=418"}],"wp:term":[{"taxonomy":"category","embeddable":true,"href":"https:\/\/patrick-friedl.de\/wps\/wp-json\/wp\/v2\/categories?post=418"},{"taxonomy":"post_tag","embeddable":true,"href":"https:\/\/patrick-friedl.de\/wps\/wp-json\/wp\/v2\/tags?post=418"}],"curies":[{"name":"wp","href":"https:\/\/api.w.org\/{rel}","templated":true}]}}