{"id":416,"date":"2021-12-20T09:51:58","date_gmt":"2021-12-20T09:51:58","guid":{"rendered":"https:\/\/patrick-friedl.de\/wps\/2021\/12\/20\/musterantrag-durchfuehrung-einer-klimafunktionskartierung-und-beantragung-von-foerdermitteln-bei-der-bayerischen-staatsregierung-selbst-erstellt\/"},"modified":"2021-12-20T09:51:58","modified_gmt":"2021-12-20T09:51:58","slug":"musterantrag-durchfuehrung-einer-klimafunktionskartierung-und-beantragung-von-foerdermitteln-bei-der-bayerischen-staatsregierung-selbst-erstellt","status":"publish","type":"post","link":"https:\/\/patrick-friedl.de\/wps\/2021\/12\/20\/musterantrag-durchfuehrung-einer-klimafunktionskartierung-und-beantragung-von-foerdermitteln-bei-der-bayerischen-staatsregierung-selbst-erstellt\/","title":{"rendered":"Musterantrag Durchf\u00fchrung einer Klimafunktionskartierung und Beantragung von F\u00f6rdermitteln bei der bayerischen Staatsregierung (selbst erstellt)"},"content":{"rendered":"<p>Die Gemeinde \u2026\/Die Stadt \u2026 m\u00f6ge beschlie\u00dfen:<\/p>\n<p>Die Gemeinde \u2026\/Die Stadt \u2026 f\u00fchrt eine Klimafunktionskartierung durch. Hierf\u00fcr werden bei der Staatsregierung F\u00f6rdermittel im Rahmen des F\u00f6rderschwerpunkts \u201eKlimaschutz in Kommunen\u201c beantragt.<\/p>\n<p><!--more--><\/p>\n<p>Begr\u00fcndung:<\/p>\n<p>Die Klima\u00fcberhitzung stellt auch unsere Gemeine\/Stadt vor gro\u00dfe Herausforderungen. Besonders in den Sommermonaten ist die zunehmende Hitzebelastung eine ernst zu nehmende Gefahr f\u00fcr die menschliche Gesundheit. Umso wichtiger ist es, die Frischluftzufuhr innerhalb der Gemeinde\/Stadt zu sichern. Hierzu m\u00fcssen Frischluftschneisen von Bebauung freigehalten und daher bei jedem Bauvorhaben ber\u00fccksichtigt werden. Das Landesentwicklungsprogramm schreibt vor, dass \u00f6kologischer Belastbarkeit Vorrang vor Raumnutzungsanspr\u00fcchen einzur\u00e4umen ist. Dies kann nur gew\u00e4hrleistet werden, wenn bekannt ist, wo die kleinklimatisch bedeutsamen Frischluftschneisen liegen. Eine Klimafunktionskarte ist hierf\u00fcr ein unverzichtbares Werkezeug. Die Erstellung einer solchen Karte kann im Rahmen des F\u00f6rderschwerpunkts \u201eKlimaschutz in Kommunen\u201c von der Staatsregierung gef\u00f6rdert werden, wie diese auf Anfrage best\u00e4tigt (<a href=\"http:\/\/www1.bayern.landtag.de\/www\/ElanTextAblage_WP18\/Drucksachen\/Schriftliche%20Anfragen\/18_0008938.pdf\" target=\"_blank\" rel=\"noopener noreferrer\">Landtags-Drs. 18\/8938, Frage 7a<\/a>).<\/p>\n<p>Alle F\u00f6rderm\u00f6glichkeiten sind umfassend zu pr\u00fcfen. Insbesondere sei auf das F\u00f6rderprogramm <a href=\"https:\/\/www.stmuv.bayern.de\/themen\/klimaschutz\/kommunal\/index.htm\" target=\"_blank\" rel=\"noopener noreferrer\">\u201eKlimaschutz in Kommunen\u201c (KommKlimaF\u00f6R)<\/a> hingewiesen.<\/p>\n","protected":false},"excerpt":{"rendered":"<p>Die Gemeinde \u2026\/Die Stadt \u2026 m\u00f6ge beschlie\u00dfen: Die Gemeinde \u2026\/Die Stadt \u2026 f\u00fchrt eine Klimafunktionskartierung durch. Hierf\u00fcr werden bei der Staatsregierung F\u00f6rdermittel im Rahmen des F\u00f6rderschwerpunkts \u201eKlimaschutz in Kommunen\u201c beantragt.<\/p>\n","protected":false},"author":-1,"featured_media":0,"comment_status":"open","ping_status":"open","sticky":false,"template":"","format":"standard","meta":{"footnotes":""},"categories":[42],"tags":[],"class_list":["post-416","post","type-post","status-publish","format-standard","hentry","category-musterantraege-kommunal"],"_links":{"self":[{"href":"https:\/\/patrick-friedl.de\/wps\/wp-json\/wp\/v2\/posts\/416","targetHints":{"allow":["GET"]}}],"collection":[{"href":"https:\/\/patrick-friedl.de\/wps\/wp-json\/wp\/v2\/posts"}],"about":[{"href":"https:\/\/patrick-friedl.de\/wps\/wp-json\/wp\/v2\/types\/post"}],"author":[{"embeddable":true,"href":"https:\/\/patrick-friedl.de\/wps\/wp-json\/wp\/v2\/users\/8"}],"replies":[{"embeddable":true,"href":"https:\/\/patrick-friedl.de\/wps\/wp-json\/wp\/v2\/comments?post=416"}],"version-history":[{"count":0,"href":"https:\/\/patrick-friedl.de\/wps\/wp-json\/wp\/v2\/posts\/416\/revisions"}],"wp:attachment":[{"href":"https:\/\/patrick-friedl.de\/wps\/wp-json\/wp\/v2\/media?parent=416"}],"wp:term":[{"taxonomy":"category","embeddable":true,"href":"https:\/\/patrick-friedl.de\/wps\/wp-json\/wp\/v2\/categories?post=416"},{"taxonomy":"post_tag","embeddable":true,"href":"https:\/\/patrick-friedl.de\/wps\/wp-json\/wp\/v2\/tags?post=416"}],"curies":[{"name":"wp","href":"https:\/\/api.w.org\/{rel}","templated":true}]}}