{"id":415,"date":"2021-12-20T09:48:30","date_gmt":"2021-12-20T09:48:30","guid":{"rendered":"https:\/\/patrick-friedl.de\/wps\/2021\/12\/20\/musterantrag-arten-und-biotopschutzprogramm\/"},"modified":"2021-12-20T09:48:30","modified_gmt":"2021-12-20T09:48:30","slug":"musterantrag-arten-und-biotopschutzprogramm","status":"publish","type":"post","link":"https:\/\/patrick-friedl.de\/wps\/2021\/12\/20\/musterantrag-arten-und-biotopschutzprogramm\/","title":{"rendered":"Musterantrag Arten- und Biotopschutzprogramm"},"content":{"rendered":"<p>Die Gemeinde \u2026\/Die Stadt \u2026 m\u00f6ge beschlie\u00dfen:<\/p>\n<ol>\n<li>Die Verwaltung berichtet, inwiefern die Vorgaben des Arten- und Biotopschutzprogrammes (ABSP) f\u00fcr den Landkreis\/die Stadt (<em>falls Gemeinde:<\/em>\u00a0auf dem Gemeindegebiet) erf\u00fcllt werden (insbesondere die kurz- und mittelfristigen Ma\u00dfnahmen, die im Kapitel \u201eVordringlich erforderliche Naturschutzma\u00dfnahmen\u201c beschrieben werden)<\/li>\n<\/ol>\n<p>\u00a0 \u00a0 \u00a0 \u00a02. Die Verwaltung identifiziert die (naturschutzfachlich) wichtigsten Ma\u00dfnahmen\/Ziele des ABSPs und setzt stellt Konzepte vor,\u00a0 \u00a0 \u00a0 \u00a0 \u00a0 \u00a0 \u00a0 wie diese umgesetzt werden k\u00f6nnen (dabei ist auch auf die Finanzierung sowie eventuelle Schwierigkeiten einzugehen).<\/p>\n<p><!--more--><\/p>\n<p>Begr\u00fcndung:<\/p>\n<p>Unter der Koordination des Landesamtes f\u00fcr Umwelt wurde von 1985 bis 1997 f\u00fcr s\u00e4mtliche bayerischen Landkreise ein Arten- und Biotopschutzprogramm erarbeitet. F\u00fcr die meisten Landkreise wurden die Daten seither nochmals aktualisiert. Auch f\u00fcr einige (kreisfreie) St\u00e4dte liegen ABSPs vor. Darin enthalten sind alle naturschutzfachlich relevanten Fl\u00e4chen der jeweiligen Gebiete, sowie sich daraus ergebende Ziele und Ma\u00dfnahmenvorschl\u00e4ge. Diese ABSPs sind damit eine Arbeitsgrundlage f\u00fcr den Natur- und Artenschutz, auch in unserer Gemeinde\/Stadt.<\/p>\n<p>\u00a0<\/p>\n<p>PS.: S\u00e4mtliche ABSPs k\u00f6nnen auf der Website des LfU <a href=\"https:\/\/www.lfu.bayern.de\/natur\/bayaz\/absp\/lkr_stadt\/index.htm\" target=\"_blank\" rel=\"noopener noreferrer\">hier <\/a>heruntergeladen werden.<br \/> Weitere Informationen k\u00f6nnen ebenfalls auf der Website des LfU <a href=\"https:\/\/www.lfu.bayern.de\/natur\/bayaz\/absp\/lkr_stadt\/index.htm\" target=\"_blank\" rel=\"noopener noreferrer\">hier <\/a>gefunden werden.<\/p>\n","protected":false},"excerpt":{"rendered":"<p>Die Gemeinde \u2026\/Die Stadt \u2026 m\u00f6ge beschlie\u00dfen: Die Verwaltung berichtet, inwiefern die Vorgaben des Arten- und Biotopschutzprogrammes (ABSP) f\u00fcr den Landkreis\/die Stadt (falls Gemeinde:\u00a0auf dem Gemeindegebiet) erf\u00fcllt werden (insbesondere die [&hellip;]<\/p>\n","protected":false},"author":-1,"featured_media":0,"comment_status":"open","ping_status":"open","sticky":false,"template":"","format":"standard","meta":{"footnotes":""},"categories":[42],"tags":[],"class_list":["post-415","post","type-post","status-publish","format-standard","hentry","category-musterantraege-kommunal"],"_links":{"self":[{"href":"https:\/\/patrick-friedl.de\/wps\/wp-json\/wp\/v2\/posts\/415","targetHints":{"allow":["GET"]}}],"collection":[{"href":"https:\/\/patrick-friedl.de\/wps\/wp-json\/wp\/v2\/posts"}],"about":[{"href":"https:\/\/patrick-friedl.de\/wps\/wp-json\/wp\/v2\/types\/post"}],"author":[{"embeddable":true,"href":"https:\/\/patrick-friedl.de\/wps\/wp-json\/wp\/v2\/users\/8"}],"replies":[{"embeddable":true,"href":"https:\/\/patrick-friedl.de\/wps\/wp-json\/wp\/v2\/comments?post=415"}],"version-history":[{"count":0,"href":"https:\/\/patrick-friedl.de\/wps\/wp-json\/wp\/v2\/posts\/415\/revisions"}],"wp:attachment":[{"href":"https:\/\/patrick-friedl.de\/wps\/wp-json\/wp\/v2\/media?parent=415"}],"wp:term":[{"taxonomy":"category","embeddable":true,"href":"https:\/\/patrick-friedl.de\/wps\/wp-json\/wp\/v2\/categories?post=415"},{"taxonomy":"post_tag","embeddable":true,"href":"https:\/\/patrick-friedl.de\/wps\/wp-json\/wp\/v2\/tags?post=415"}],"curies":[{"name":"wp","href":"https:\/\/api.w.org\/{rel}","templated":true}]}}