{"id":414,"date":"2021-12-20T09:42:45","date_gmt":"2021-12-20T09:42:45","guid":{"rendered":"https:\/\/patrick-friedl.de\/wps\/2021\/12\/20\/antragstellung-fuer-foerderprogramm-einstieg-in-das-kommunale-anpassungsmanagement-laeuft-noch-bis-31-januar-2022\/"},"modified":"2021-12-20T09:42:45","modified_gmt":"2021-12-20T09:42:45","slug":"antragstellung-fuer-foerderprogramm-einstieg-in-das-kommunale-anpassungsmanagement-laeuft-noch-bis-31-januar-2022","status":"publish","type":"post","link":"https:\/\/patrick-friedl.de\/wps\/2021\/12\/20\/antragstellung-fuer-foerderprogramm-einstieg-in-das-kommunale-anpassungsmanagement-laeuft-noch-bis-31-januar-2022\/","title":{"rendered":"Antragstellung f\u00fcr F\u00f6rderprogramm \u201eEinstieg in das kommunale Anpassungsmanagement\u201c l\u00e4uft noch bis 31. Januar 2022"},"content":{"rendered":"<p><img loading=\"lazy\" decoding=\"async\" class=\" size-full wp-image-413\" src=\"http:\/\/patrick-friedl.de\/wps\/wp-content\/uploads\/2021\/12\/2021_12_20_Thermometer.jpg\" alt=\"\" width=\"1920\" height=\"1279\" srcset=\"https:\/\/patrick-friedl.de\/wps\/wp-content\/uploads\/2021\/12\/2021_12_20_Thermometer.jpg 1920w, https:\/\/patrick-friedl.de\/wps\/wp-content\/uploads\/2021\/12\/2021_12_20_Thermometer-300x200.jpg 300w, https:\/\/patrick-friedl.de\/wps\/wp-content\/uploads\/2021\/12\/2021_12_20_Thermometer-1024x682.jpg 1024w, https:\/\/patrick-friedl.de\/wps\/wp-content\/uploads\/2021\/12\/2021_12_20_Thermometer-768x512.jpg 768w, https:\/\/patrick-friedl.de\/wps\/wp-content\/uploads\/2021\/12\/2021_12_20_Thermometer-1536x1023.jpg 1536w\" sizes=\"auto, (max-width: 1920px) 100vw, 1920px\" \/><\/p>\n<p>Patrick Friedl, Sprecher f\u00fcr Klimaanpassung in der Landtagsfraktion, weist auf die F\u00f6rderrichtlinie Klimaanpassung hin, die die ZUG gGmbH (Zukunft \u2013 Umwelt \u2013 Gesellschaft (ZUG) gGmbH) im Auftrag des Bundesministeriums f\u00fcr Umwelt, Naturschutz und nukleare Sicherheit (BMU) umsetzt. Hier sind noch bis 31. Januar 2022 in der ersten Stufe Antr\u00e4ge f\u00fcr das F\u00f6rderprogramm \u201eEinstieg in das kommunale Anpassungsmanagement\u201c m\u00f6glich, so Patrick Friedl. F\u00f6rderschwerpunkte sind:<\/p>\n<p><strong>F\u00f6rderschwerpunkt A.1 Erstellung eines Nachhaltigen Anpassungskonzepts (Erstvorhaben)<\/strong><\/p>\n<p><strong>Maximale Zuwendung<\/strong>: 225.000 Euro<strong><br \/> Projektlaufzeit<\/strong>: maximal 24 Monate<\/p>\n<p><strong>Was wird gef\u00f6rdert?<\/strong><\/p>\n<p>Gef\u00f6rdert wird die Erstellung eines integrierten und nachhaltigen kommunalen Anpassungskonzepts durch Anpassungsmanager*innen (befristete Personalstelle). Das Anpassungskonzept betrachtet integriert die verschiedenen Betroffenheiten und Handlungserfordernisse im Bereich Klimaanpassung in der Kommune und ber\u00fccksichtigt zugleich Synergien, Schnittstellen und positive Nebeneffekte gegen\u00fcber den Zielen der Deutschen Nachhaltigkeitsstrategie.<\/p>\n<p><!--more--><\/p>\n<p><strong>F\u00f6rderschwerpunkt A.2 Umsetzungsvorhaben (Anschlussvorhaben)<\/strong><\/p>\n<p><strong>Maximale Zuwendung<\/strong>: 275.000 Euro<br \/> <strong>Projektlaufzeit<\/strong>: maximal 36 Monate<\/p>\n<p><strong>Was wird gef\u00f6rdert?<\/strong><\/p>\n<p>Gef\u00f6rdert wird die Begleitung der Umsetzung des unter A.1 erstellten oder eines vergleichbaren nachhaltigen Anpassungskonzepts (z.B. ehemaliges NKI-Teilkonzept \u201eAnpassung an den Klimawandel\u201c) durch Klimaanpassungsmanager*innen auf der Grundlage einer befristeten Personalstelle. Ziel der F\u00f6rderung ist es sicherzustellen, dass das Anpassungskonzept mit seinen priorit\u00e4ren Ma\u00dfnahmen vor Ort umgesetzt wird. W\u00e4hrend der Begleitung der Umsetzung ist die Beantragung von weiteren F\u00f6rdermitteln f\u00fcr investive Ma\u00dfnahmen (siehe A.3 oder B II) m\u00f6glich.<\/p>\n<p><strong>F\u00f6rderschwerpunkt A.3 Ausgew\u00e4hlte Ma\u00dfnahme zur Anpassung an den Klimawandel<\/strong><\/p>\n<p><strong>Maximale Zuwendung<\/strong>: 200.000 Euro<br \/> <strong>Projektlaufzeit<\/strong>: maximal 36 Monate<\/p>\n<p><strong>Was wird gef\u00f6rdert?<\/strong><\/p>\n<p>Gef\u00f6rdert wird die Umsetzung einer ausgew\u00e4hlten Klimaanpassungsma\u00dfnahme (investive Ma\u00dfnahme) im Rahmen eines nachhaltigen Klimaanpassungskonzepts. F\u00f6rderf\u00e4hig sind auch Ma\u00dfnahmen auf der Grundlage eines von A.1 unabh\u00e4ngig erarbeiteten kommunalen Anpassungskonzepts. Dieses muss die Kriterien eines nachhaltigen Anpassungskonzepts unter A.1. erf\u00fcllen. Ziel der F\u00f6rderung ist es, die Kommune bei der Umsetzung des Anpassungskonzepts zu unterst\u00fctzen und die Wirksamkeit von Anpassungsma\u00dfnahmen im Sinne einer Vorbildfunktion sichtbar in der Kommune zu verankern.<\/p>\n<p>Hier der Link zur Beschreibung der F\u00f6rderrichtlinie:<\/p>\n<p><a href=\"https:\/\/www.z-u-g.org\/aufgaben\/foerderung-von-massnahmen-zur-anpassung-an-die-folgen-des-klimawandels\/\">www.z-u-g.org\/aufgaben\/foerderung-von-massnahmen-zur-anpassung-an-die-folgen-des-klimawandels<\/a><\/p>\n<p>und hier zur F\u00f6rderrichtlinie selbst:<\/p>\n<p><a href=\"http:\/\/www.z-u-g.org\/fileadmin\/user_upload\/download_pdf\/DAS\/DAS_Foerderrichtlinie_2021.pdf\">www.z-u-g.org\/fileadmin\/user_upload\/download_pdf\/DAS\/DAS_Foerderrichtlinie_2021.pdf<\/a><\/p>\n<p>F\u00fcr erste Fragen zum Thema Klimaanpassung, zur neuen F\u00f6rderrichtlinie und zu weiteren F\u00f6rderm\u00f6glichkeiten steht das Zentrum KlimaAnpassung zur Verf\u00fcgung:<br \/> Beratungshotline: 030 &#8211; 39001 201 (Montag bis Freitag, 10:00 bis 15:00 Uhr)<br \/> E-Mail: beratung(at)zentrum-klimaanpassung.de <a href=\"http:\/\/www.zentrum-klimaanpassung.de\/beratung\"><br \/> www.zentrum-klimaanpassung.de\/beratung<\/a><\/p>\n<p>F\u00fcr weitere Fragen &#8211; insbesondere zur konkreten Antragstellung &#8211; steht die ZUG zur Verf\u00fcgung. Sie ist telefonisch von Montag bis Freitag zwischen 10.00 und 15.00 Uhr zu erreichen unter folgender Nummer: 030 &#8211; 700 181-733 oder auch mit Fragen zur Antragstellung per E-Mail an: <a href=\"#\" data-unscramble=\"gro.g-u-z@tkatnok\">kontakt@z-u-g.org<\/a><\/p>\n<p>Foto: pixabay<\/p>\n","protected":false},"excerpt":{"rendered":"<p>Patrick Friedl, Sprecher f\u00fcr Klimaanpassung in der Landtagsfraktion, weist auf die F\u00f6rderrichtlinie Klimaanpassung hin, die die ZUG gGmbH (Zukunft \u2013 Umwelt \u2013 Gesellschaft (ZUG) gGmbH) im Auftrag des Bundesministeriums f\u00fcr [&hellip;]<\/p>\n","protected":false},"author":-1,"featured_media":413,"comment_status":"open","ping_status":"open","sticky":false,"template":"","format":"standard","meta":{"footnotes":""},"categories":[3],"tags":[],"class_list":["post-414","post","type-post","status-publish","format-standard","has-post-thumbnail","hentry","category-landtag"],"_links":{"self":[{"href":"https:\/\/patrick-friedl.de\/wps\/wp-json\/wp\/v2\/posts\/414","targetHints":{"allow":["GET"]}}],"collection":[{"href":"https:\/\/patrick-friedl.de\/wps\/wp-json\/wp\/v2\/posts"}],"about":[{"href":"https:\/\/patrick-friedl.de\/wps\/wp-json\/wp\/v2\/types\/post"}],"author":[{"embeddable":true,"href":"https:\/\/patrick-friedl.de\/wps\/wp-json\/wp\/v2\/users\/8"}],"replies":[{"embeddable":true,"href":"https:\/\/patrick-friedl.de\/wps\/wp-json\/wp\/v2\/comments?post=414"}],"version-history":[{"count":0,"href":"https:\/\/patrick-friedl.de\/wps\/wp-json\/wp\/v2\/posts\/414\/revisions"}],"wp:featuredmedia":[{"embeddable":true,"href":"https:\/\/patrick-friedl.de\/wps\/wp-json\/wp\/v2\/media\/413"}],"wp:attachment":[{"href":"https:\/\/patrick-friedl.de\/wps\/wp-json\/wp\/v2\/media?parent=414"}],"wp:term":[{"taxonomy":"category","embeddable":true,"href":"https:\/\/patrick-friedl.de\/wps\/wp-json\/wp\/v2\/categories?post=414"},{"taxonomy":"post_tag","embeddable":true,"href":"https:\/\/patrick-friedl.de\/wps\/wp-json\/wp\/v2\/tags?post=414"}],"curies":[{"name":"wp","href":"https:\/\/api.w.org\/{rel}","templated":true}]}}