{"id":411,"date":"2021-11-29T15:44:20","date_gmt":"2021-11-29T15:44:20","guid":{"rendered":"https:\/\/patrick-friedl.de\/wps\/2021\/11\/29\/schriftliche-anfrage-foerderung-von-streuobst-und-bluehflaechen-im-kulturlandschafts-und-vertragsnaturschutzprogramm\/"},"modified":"2025-06-03T14:07:04","modified_gmt":"2025-06-03T13:07:04","slug":"schriftliche-anfrage-foerderung-von-streuobst-und-bluehflaechen-im-kulturlandschafts-und-vertragsnaturschutzprogramm","status":"publish","type":"post","link":"https:\/\/patrick-friedl.de\/wps\/2021\/11\/29\/schriftliche-anfrage-foerderung-von-streuobst-und-bluehflaechen-im-kulturlandschafts-und-vertragsnaturschutzprogramm\/","title":{"rendered":"Schriftliche Anfrage: F\u00f6rderung von Streuobst und Bl\u00fchfl\u00e4chen im Kulturlandschafts- und Vertragsnaturschutzprogramm"},"content":{"rendered":"<p>F\u00fcr bl\u00fctenbesuchende Insekten in der Agrarlandschaft sind Streuobstwiesen, artenreiches Gr\u00fcnland und Bl\u00fchfl\u00e4chen von besonderer Bedeutung. Deshalb werden sie im Rahmen des Kulturlandschafts- und Vertragsnaturschutzprogrammes (KULAP bzw. VNP) besonders gef\u00f6rdert. Da es sich um freiwillige Ma\u00dfnahmen handelt, ist die Akzeptanz von Bedeutung. Deshalb ist eine regelm\u00e4\u00dfige Evaluierung notwendig<\/p>\n<p>Vor diesem Hintergrund habe ich gemeinsam mit Rosi Steinberger und Christian Hierneis die Staatsregierung befragt. Die schriftliche Anfrage sowie die Antwort der Staatsregierung finden Sie <a href=\"https:\/\/www1.bayern.landtag.de\/www\/ElanTextAblage_WP18\/Drucksachen\/Schriftliche%20Anfragen\/18_0017526.pdf\" target=\"_blank\" rel=\"noopener noreferrer\">hier<\/a>.\u00a0<\/p>\n","protected":false},"excerpt":{"rendered":"<p>F\u00fcr bl\u00fctenbesuchende Insekten in der Agrarlandschaft sind Streuobstwiesen, artenreiches Gr\u00fcnland und Bl\u00fchfl\u00e4chen von besonderer Bedeutung. Deshalb werden sie im Rahmen des Kulturlandschafts- und Vertragsnaturschutzprogrammes (KULAP bzw. VNP) besonders gef\u00f6rdert. Da [&hellip;]<\/p>\n","protected":false},"author":-1,"featured_media":0,"comment_status":"open","ping_status":"open","sticky":false,"template":"","format":"standard","meta":{"footnotes":""},"categories":[82,45,77],"tags":[],"class_list":["post-411","post","type-post","status-publish","format-standard","hentry","category-landwirtschaft-flaechennutzung-san","category-anfragen-im-landtag-2","category-schriftliche-anfragen"],"_links":{"self":[{"href":"https:\/\/patrick-friedl.de\/wps\/wp-json\/wp\/v2\/posts\/411","targetHints":{"allow":["GET"]}}],"collection":[{"href":"https:\/\/patrick-friedl.de\/wps\/wp-json\/wp\/v2\/posts"}],"about":[{"href":"https:\/\/patrick-friedl.de\/wps\/wp-json\/wp\/v2\/types\/post"}],"author":[{"embeddable":true,"href":"https:\/\/patrick-friedl.de\/wps\/wp-json\/wp\/v2\/users\/8"}],"replies":[{"embeddable":true,"href":"https:\/\/patrick-friedl.de\/wps\/wp-json\/wp\/v2\/comments?post=411"}],"version-history":[{"count":1,"href":"https:\/\/patrick-friedl.de\/wps\/wp-json\/wp\/v2\/posts\/411\/revisions"}],"predecessor-version":[{"id":1904,"href":"https:\/\/patrick-friedl.de\/wps\/wp-json\/wp\/v2\/posts\/411\/revisions\/1904"}],"wp:attachment":[{"href":"https:\/\/patrick-friedl.de\/wps\/wp-json\/wp\/v2\/media?parent=411"}],"wp:term":[{"taxonomy":"category","embeddable":true,"href":"https:\/\/patrick-friedl.de\/wps\/wp-json\/wp\/v2\/categories?post=411"},{"taxonomy":"post_tag","embeddable":true,"href":"https:\/\/patrick-friedl.de\/wps\/wp-json\/wp\/v2\/tags?post=411"}],"curies":[{"name":"wp","href":"https:\/\/api.w.org\/{rel}","templated":true}]}}