{"id":410,"date":"2021-11-29T15:32:45","date_gmt":"2021-11-29T15:32:45","guid":{"rendered":"https:\/\/patrick-friedl.de\/wps\/2021\/11\/29\/schriftliche-anfrage-naturschutzgebiete-in-bayern\/"},"modified":"2025-06-03T14:05:39","modified_gmt":"2025-06-03T13:05:39","slug":"schriftliche-anfrage-naturschutzgebiete-in-bayern","status":"publish","type":"post","link":"https:\/\/patrick-friedl.de\/wps\/2021\/11\/29\/schriftliche-anfrage-naturschutzgebiete-in-bayern\/","title":{"rendered":"Schriftliche Anfrage: Naturschutzgebiete in Bayern"},"content":{"rendered":"<p>Die EU-Biodiversit\u00e4tsstrategie fordert den strengen Schutz von 10 Prozent der Landesfl\u00e4che. In Bayern sind derzeit 2,35 Prozent der Fl\u00e4che als Naturschutzgebiete und 0,64 Prozent als Nationalparke streng gesch\u00fctzt. Selbst wenn man die k\u00fcrzlich ausgewiesenen Naturw\u00e4lder (0,8 Prozent der Fl\u00e4che) mit ber\u00fccksichtigt, wird dieser Wert in Bayern bei Weitem nicht erreicht. Zwar bem\u00fcht sich die Staatsregierung mit freiwilligen Programmen wie dem Vertragsnaturschutz- oder Kulturlandschaftsprogramm weitere Fl\u00e4chen im Sinne des Naturschutzes zu bewirtschaften, allerdings mit begrenztem Erfolg, wie die Roten Listen der gef\u00e4hrdeten Arten zeigen.<\/p>\n<p>Die Anfrage von Rosi Steinberger, Christian Hierneis und mir zu Naturschutzgebieten in Bayern finden Sie <a href=\"https:\/\/www1.bayern.landtag.de\/www\/ElanTextAblage_WP18\/Drucksachen\/Schriftliche%20Anfragen\/18_0017511.pdf\" target=\"_blank\" rel=\"noopener noreferrer\">hier<\/a>.\u00a0<\/p>\n","protected":false},"excerpt":{"rendered":"<p>Die EU-Biodiversit\u00e4tsstrategie fordert den strengen Schutz von 10 Prozent der Landesfl\u00e4che. In Bayern sind derzeit 2,35 Prozent der Fl\u00e4che als Naturschutzgebiete und 0,64 Prozent als Nationalparke streng gesch\u00fctzt. Selbst wenn [&hellip;]<\/p>\n","protected":false},"author":-1,"featured_media":0,"comment_status":"open","ping_status":"open","sticky":false,"template":"","format":"standard","meta":{"footnotes":""},"categories":[79,45,77],"tags":[],"class_list":["post-410","post","type-post","status-publish","format-standard","hentry","category-natur-artenschutz-san","category-anfragen-im-landtag-2","category-schriftliche-anfragen"],"_links":{"self":[{"href":"https:\/\/patrick-friedl.de\/wps\/wp-json\/wp\/v2\/posts\/410","targetHints":{"allow":["GET"]}}],"collection":[{"href":"https:\/\/patrick-friedl.de\/wps\/wp-json\/wp\/v2\/posts"}],"about":[{"href":"https:\/\/patrick-friedl.de\/wps\/wp-json\/wp\/v2\/types\/post"}],"author":[{"embeddable":true,"href":"https:\/\/patrick-friedl.de\/wps\/wp-json\/wp\/v2\/users\/8"}],"replies":[{"embeddable":true,"href":"https:\/\/patrick-friedl.de\/wps\/wp-json\/wp\/v2\/comments?post=410"}],"version-history":[{"count":1,"href":"https:\/\/patrick-friedl.de\/wps\/wp-json\/wp\/v2\/posts\/410\/revisions"}],"predecessor-version":[{"id":1903,"href":"https:\/\/patrick-friedl.de\/wps\/wp-json\/wp\/v2\/posts\/410\/revisions\/1903"}],"wp:attachment":[{"href":"https:\/\/patrick-friedl.de\/wps\/wp-json\/wp\/v2\/media?parent=410"}],"wp:term":[{"taxonomy":"category","embeddable":true,"href":"https:\/\/patrick-friedl.de\/wps\/wp-json\/wp\/v2\/categories?post=410"},{"taxonomy":"post_tag","embeddable":true,"href":"https:\/\/patrick-friedl.de\/wps\/wp-json\/wp\/v2\/tags?post=410"}],"curies":[{"name":"wp","href":"https:\/\/api.w.org\/{rel}","templated":true}]}}