{"id":409,"date":"2021-11-29T14:42:28","date_gmt":"2021-11-29T14:42:28","guid":{"rendered":"https:\/\/patrick-friedl.de\/wps\/2021\/11\/29\/internationaler-tag-zur-bekaempfung-von-gewalt-gegen-frauen-wuerzburg-keine-gewalt-gegen-frauen\/"},"modified":"2021-11-29T14:42:28","modified_gmt":"2021-11-29T14:42:28","slug":"internationaler-tag-zur-bekaempfung-von-gewalt-gegen-frauen-wuerzburg-keine-gewalt-gegen-frauen","status":"publish","type":"post","link":"https:\/\/patrick-friedl.de\/wps\/2021\/11\/29\/internationaler-tag-zur-bekaempfung-von-gewalt-gegen-frauen-wuerzburg-keine-gewalt-gegen-frauen\/","title":{"rendered":"Internationaler Tag zur Bek\u00e4mpfung von Gewalt gegen Frauen: \u201eW\u00fcrzburg &#8211; Keine Gewalt gegen Frauen!&#8220;"},"content":{"rendered":"<img loading=\"lazy\" decoding=\"async\" class=\" size-full wp-image-408\" src=\"http:\/\/patrick-friedl.de\/wps\/wp-content\/uploads\/2021\/11\/thumbnail_Kein_Platz_fr_Gewalt_gegen_Frauen_-_Stopp_-_GFB.jpg\" alt=\"\" class=\"caption\" title=\"\u00a9 Gr\u00fcne Fraktion Bayern\" width=\"1280\" height=\"639\" srcset=\"https:\/\/patrick-friedl.de\/wps\/wp-content\/uploads\/2021\/11\/thumbnail_Kein_Platz_fr_Gewalt_gegen_Frauen_-_Stopp_-_GFB.jpg 1280w, https:\/\/patrick-friedl.de\/wps\/wp-content\/uploads\/2021\/11\/thumbnail_Kein_Platz_fr_Gewalt_gegen_Frauen_-_Stopp_-_GFB-300x150.jpg 300w, https:\/\/patrick-friedl.de\/wps\/wp-content\/uploads\/2021\/11\/thumbnail_Kein_Platz_fr_Gewalt_gegen_Frauen_-_Stopp_-_GFB-1024x511.jpg 1024w, https:\/\/patrick-friedl.de\/wps\/wp-content\/uploads\/2021\/11\/thumbnail_Kein_Platz_fr_Gewalt_gegen_Frauen_-_Stopp_-_GFB-768x383.jpg 768w\" sizes=\"auto, (max-width: 1280px) 100vw, 1280px\" \/>\n<p><strong>Gr\u00fcnen-MdL Celina und Friedl fordern gr\u00f6\u00dfere Anstrengungen und besseren Schutz<\/strong><\/p>\n<p>Anl\u00e4sslich des Internationalen Tages zur Bek\u00e4mpfung von Gewalt gegen Frauen am 25. November erkl\u00e4ren sich die Landtagsabgeordneten Kerstin Celina und Patrick Friedl gemeinsam mit ihrer Fraktions-Kollegin Eva Lettenbauer, frauenpolitische Sprecherin der Landtags-Gr\u00fcnen, zur Sicherheit von Frauen in W\u00fcrzburg und Bayern. \u201eDie Zahlen sind wirklich erschreckend\u201c, mahnt Eva Lettenbauer. Kerstin Celina: \u201e16.000 Frauen sind in Bayern allein im vergangenen Jahr Opfer von h\u00e4uslicher Gewalt geworden &#8211; und das sind nur die Zahlen der offiziellen Kriminalstatistik. Die Dunkelziffer wird leider noch deutlich h\u00f6her sein!\u201c<\/p>\n<p>Der j\u00e4hrliche Internationale Tag zur Bek\u00e4mpfung von Gewalt gegen Frauen ist ein Anlass, der daran erinnert, wie viel hier noch zu tun ist. Patrick Friedl: \u201eDer Freistaat Bayern muss vor allem daf\u00fcr sorgen, dass betroffene Frauen und M\u00e4dchen schnell und einfach Schutz finden. Allerdings erreicht die S\u00f6der-Regierung nicht mal ihr ohnehin unzureichendes Ziel von zum Beispiel 49,82 Frauenhauspl\u00e4tzen in Unterfranken, aktuell stehen lediglich 35 zur Verf\u00fcgung!\u201c Dies ergab eine Schriftliche Anfrage, die Sie <a href=\"https:\/\/www1.bayern.landtag.de\/www\/ElanTextAblage_WP18\/Drucksachen\/Schriftliche%20Anfragen\/18_0014711.pdf\" target=\"_blank\" rel=\"noopener noreferrer\">hier <\/a>finden.\u00a0<\/p>\n<p><!--more--><\/p>\n<p><strong>Anh\u00f6rung zum Gewaltschutz von Frauen und M\u00e4dchen geplant<\/strong><\/p>\n<p>Aus Sicht der Landtags-Gr\u00fcnen w\u00fcrde eine umf\u00e4ngliche Umsetzung der Istanbul-Konvention die Situation deutlich verbessern. Um diesen Vorgang zu beschleunigen, wurde eine Anh\u00f6rung mit dem Thema: \u201eGewaltschutz von Frauen und M\u00e4dchen: Bayerische Schutz- und Unterst\u00fctzungs-infrastruktur gegen geschlechtsspezifische, sexualisierte, h\u00e4usliche und digitale Gewalt\u201c beantragt. Mit Erfolg \u2013 der zust\u00e4ndige Ausschuss hat dem Antrag von Eva Lettenbauer und der Gr\u00fcnen-Fraktion zugestimmt. Die Anh\u00f6rung wird voraussichtlich 2022 im Bayerischen Landtag stattfinden.<\/p>\n<p>Kerstin Celina: \u201eEs wird dringend Zeit, sich hier gemeinsam ein vollumf\u00e4ngliches Bild der aktuellen Lage und vor allem der Bedarfe zu verschaffen. Aus Gespr\u00e4chen mit betroffenen Fachkreisen h\u00f6ren wir schon jetzt, dass sich die Lage durch die Pandemie in der Praxis noch einmal versch\u00e4rft hat. Wir m\u00fcssen die Istanbul-Konvention schleunigst umsetzen. Wir m\u00fcssen allen betroffenen Frauen und M\u00e4dchen passgenaue Unterst\u00fctzung und Schutz gew\u00e4hren, vor allem auch denen mit Suchtproblemen oder mit Behinderungen.\u201c Patrick Friedl: Es kann nur eine Botschaft geben: Es ist kein Platz f\u00fcr Gewalt gegen Frauen in Bayern und W\u00fcrzburg!<\/p>\n","protected":false},"excerpt":{"rendered":"<p>Gr\u00fcnen-MdL Celina und Friedl fordern gr\u00f6\u00dfere Anstrengungen und besseren Schutz Anl\u00e4sslich des Internationalen Tages zur Bek\u00e4mpfung von Gewalt gegen Frauen am 25. November erkl\u00e4ren sich die Landtagsabgeordneten Kerstin Celina und [&hellip;]<\/p>\n","protected":false},"author":-1,"featured_media":408,"comment_status":"open","ping_status":"open","sticky":false,"template":"","format":"standard","meta":{"footnotes":""},"categories":[3],"tags":[],"class_list":["post-409","post","type-post","status-publish","format-standard","has-post-thumbnail","hentry","category-landtag"],"_links":{"self":[{"href":"https:\/\/patrick-friedl.de\/wps\/wp-json\/wp\/v2\/posts\/409","targetHints":{"allow":["GET"]}}],"collection":[{"href":"https:\/\/patrick-friedl.de\/wps\/wp-json\/wp\/v2\/posts"}],"about":[{"href":"https:\/\/patrick-friedl.de\/wps\/wp-json\/wp\/v2\/types\/post"}],"author":[{"embeddable":true,"href":"https:\/\/patrick-friedl.de\/wps\/wp-json\/wp\/v2\/users\/8"}],"replies":[{"embeddable":true,"href":"https:\/\/patrick-friedl.de\/wps\/wp-json\/wp\/v2\/comments?post=409"}],"version-history":[{"count":0,"href":"https:\/\/patrick-friedl.de\/wps\/wp-json\/wp\/v2\/posts\/409\/revisions"}],"wp:featuredmedia":[{"embeddable":true,"href":"https:\/\/patrick-friedl.de\/wps\/wp-json\/wp\/v2\/media\/408"}],"wp:attachment":[{"href":"https:\/\/patrick-friedl.de\/wps\/wp-json\/wp\/v2\/media?parent=409"}],"wp:term":[{"taxonomy":"category","embeddable":true,"href":"https:\/\/patrick-friedl.de\/wps\/wp-json\/wp\/v2\/categories?post=409"},{"taxonomy":"post_tag","embeddable":true,"href":"https:\/\/patrick-friedl.de\/wps\/wp-json\/wp\/v2\/tags?post=409"}],"curies":[{"name":"wp","href":"https:\/\/api.w.org\/{rel}","templated":true}]}}