{"id":407,"date":"2021-11-29T14:17:39","date_gmt":"2021-11-29T14:17:39","guid":{"rendered":"https:\/\/patrick-friedl.de\/wps\/2021\/11\/29\/papierverbrauch-an-staatsministerien-iii\/"},"modified":"2025-06-03T14:04:37","modified_gmt":"2025-06-03T13:04:37","slug":"papierverbrauch-an-staatsministerien-iii","status":"publish","type":"post","link":"https:\/\/patrick-friedl.de\/wps\/2021\/11\/29\/papierverbrauch-an-staatsministerien-iii\/","title":{"rendered":"Schriftliche Anfrage: Papierverbrauch an Staatsministerien III"},"content":{"rendered":"<p>Hinsichtlich der Aspekte Ressourcenverbrauch, Abwasserbelastung, Wasser- und Energieverbrauch schneiden Papier- und Pappeprodukte aus Altpapier im \u00f6kologischen Systemvergleich laut Umweltbundesamt gegen\u00fcber Papierprodukten aus Prim\u00e4rfasern, die Holz als Faserrohstoffquelle nutzen weiterhin wesentlich g\u00fcnstiger ab.<\/p>\n<p>Rosi Steinberger, Christian Hierneis und ich befragten die Bayerische Staatsregierung vor diesem Hintergrund zum Papierverbrauch an Staatsministerien. Die Anfrage sowie die Antwort der Staatsregierung finden Sie <a href=\"https:\/\/www1.bayern.landtag.de\/www\/ElanTextAblage_WP18\/Drucksachen\/Schriftliche%20Anfragen\/18_0017764.pdf\" target=\"_blank\" rel=\"noopener noreferrer\">hier<\/a>.\u00a0<\/p>\n<p>\u00a0<\/p>\n","protected":false},"excerpt":{"rendered":"<p>Hinsichtlich der Aspekte Ressourcenverbrauch, Abwasserbelastung, Wasser- und Energieverbrauch schneiden Papier- und Pappeprodukte aus Altpapier im \u00f6kologischen Systemvergleich laut Umweltbundesamt gegen\u00fcber Papierprodukten aus Prim\u00e4rfasern, die Holz als Faserrohstoffquelle nutzen weiterhin wesentlich [&hellip;]<\/p>\n","protected":false},"author":-1,"featured_media":0,"comment_status":"open","ping_status":"open","sticky":false,"template":"","format":"standard","meta":{"footnotes":""},"categories":[45,77,83],"tags":[],"class_list":["post-407","post","type-post","status-publish","format-standard","hentry","category-anfragen-im-landtag-2","category-schriftliche-anfragen","category-staatliches-handeln-verwaltung-san"],"_links":{"self":[{"href":"https:\/\/patrick-friedl.de\/wps\/wp-json\/wp\/v2\/posts\/407","targetHints":{"allow":["GET"]}}],"collection":[{"href":"https:\/\/patrick-friedl.de\/wps\/wp-json\/wp\/v2\/posts"}],"about":[{"href":"https:\/\/patrick-friedl.de\/wps\/wp-json\/wp\/v2\/types\/post"}],"author":[{"embeddable":true,"href":"https:\/\/patrick-friedl.de\/wps\/wp-json\/wp\/v2\/users\/8"}],"replies":[{"embeddable":true,"href":"https:\/\/patrick-friedl.de\/wps\/wp-json\/wp\/v2\/comments?post=407"}],"version-history":[{"count":1,"href":"https:\/\/patrick-friedl.de\/wps\/wp-json\/wp\/v2\/posts\/407\/revisions"}],"predecessor-version":[{"id":1902,"href":"https:\/\/patrick-friedl.de\/wps\/wp-json\/wp\/v2\/posts\/407\/revisions\/1902"}],"wp:attachment":[{"href":"https:\/\/patrick-friedl.de\/wps\/wp-json\/wp\/v2\/media?parent=407"}],"wp:term":[{"taxonomy":"category","embeddable":true,"href":"https:\/\/patrick-friedl.de\/wps\/wp-json\/wp\/v2\/categories?post=407"},{"taxonomy":"post_tag","embeddable":true,"href":"https:\/\/patrick-friedl.de\/wps\/wp-json\/wp\/v2\/tags?post=407"}],"curies":[{"name":"wp","href":"https:\/\/api.w.org\/{rel}","templated":true}]}}