{"id":396,"date":"2021-11-08T12:38:43","date_gmt":"2021-11-08T12:38:43","guid":{"rendered":"https:\/\/patrick-friedl.de\/wps\/2021\/11\/08\/anfrage-zum-plenum-artenvielfalt-auf-oeffentlichen-gruenflaechen\/"},"modified":"2025-06-04T08:11:59","modified_gmt":"2025-06-04T07:11:59","slug":"anfrage-zum-plenum-artenvielfalt-auf-oeffentlichen-gruenflaechen","status":"publish","type":"post","link":"https:\/\/patrick-friedl.de\/wps\/2021\/11\/08\/anfrage-zum-plenum-artenvielfalt-auf-oeffentlichen-gruenflaechen\/","title":{"rendered":"Anfrage zum Plenum: Artenvielfalt auf \u00f6ffentlichen Gr\u00fcnfl\u00e4chen"},"content":{"rendered":"<p>Vor dem Hintergrund des <a href=\"https:\/\/volksbegehren-artenvielfalt.de\/\" target=\"_blank\" rel=\"noopener noreferrer\">Volksbegehren Artenvielfalt<\/a> habe ich die Staatsregierung befragt, welche Ma\u00dfnahmen f\u00fcr eine \u00f6kologischere Gestaltung von Gr\u00fcnfl\u00e4chen in Bayern bereits umgesetzt sind und welche sich aktuell in der Planung befinden.<\/p>\n<p><span dir=\"ltr\">Meine Anfrage zum Plenum sowie die Antwort der Staatsregierung finden Sie <a href=\"https:\/\/www1.bayern.landtag.de\/www\/ElanTextAblage_WP18\/Drucksachen\/Basisdrucksachen\/0000011500\/0000011677_041.pdf\" target=\"_blank\" rel=\"noopener noreferrer\">hier<\/a>.<br \/><\/span><\/p>\n","protected":false},"excerpt":{"rendered":"<p>Vor dem Hintergrund des Volksbegehren Artenvielfalt habe ich die Staatsregierung befragt, welche Ma\u00dfnahmen f\u00fcr eine \u00f6kologischere Gestaltung von Gr\u00fcnfl\u00e4chen in Bayern bereits umgesetzt sind und welche sich aktuell in der [&hellip;]<\/p>\n","protected":false},"author":-1,"featured_media":0,"comment_status":"closed","ping_status":"closed","sticky":false,"template":"","format":"standard","meta":{"footnotes":""},"categories":[76,88,86,45],"tags":[],"class_list":["post-396","post","type-post","status-publish","format-standard","hentry","category-anfragen-zum-plenum","category-landwirtschaft-flaechennutzung-azp","category-natur-artenschutz-azp","category-anfragen-im-landtag-2"],"_links":{"self":[{"href":"https:\/\/patrick-friedl.de\/wps\/wp-json\/wp\/v2\/posts\/396","targetHints":{"allow":["GET"]}}],"collection":[{"href":"https:\/\/patrick-friedl.de\/wps\/wp-json\/wp\/v2\/posts"}],"about":[{"href":"https:\/\/patrick-friedl.de\/wps\/wp-json\/wp\/v2\/types\/post"}],"author":[{"embeddable":true,"href":"https:\/\/patrick-friedl.de\/wps\/wp-json\/wp\/v2\/users\/8"}],"replies":[{"embeddable":true,"href":"https:\/\/patrick-friedl.de\/wps\/wp-json\/wp\/v2\/comments?post=396"}],"version-history":[{"count":1,"href":"https:\/\/patrick-friedl.de\/wps\/wp-json\/wp\/v2\/posts\/396\/revisions"}],"predecessor-version":[{"id":1947,"href":"https:\/\/patrick-friedl.de\/wps\/wp-json\/wp\/v2\/posts\/396\/revisions\/1947"}],"wp:attachment":[{"href":"https:\/\/patrick-friedl.de\/wps\/wp-json\/wp\/v2\/media?parent=396"}],"wp:term":[{"taxonomy":"category","embeddable":true,"href":"https:\/\/patrick-friedl.de\/wps\/wp-json\/wp\/v2\/categories?post=396"},{"taxonomy":"post_tag","embeddable":true,"href":"https:\/\/patrick-friedl.de\/wps\/wp-json\/wp\/v2\/tags?post=396"}],"curies":[{"name":"wp","href":"https:\/\/api.w.org\/{rel}","templated":true}]}}