{"id":395,"date":"2021-11-08T09:54:01","date_gmt":"2021-11-08T09:54:01","guid":{"rendered":"https:\/\/patrick-friedl.de\/wps\/2021\/11\/08\/meine-rede-zum-wassergesetz\/"},"modified":"2021-11-08T09:54:01","modified_gmt":"2021-11-08T09:54:01","slug":"meine-rede-zum-wassergesetz","status":"publish","type":"post","link":"https:\/\/patrick-friedl.de\/wps\/2021\/11\/08\/meine-rede-zum-wassergesetz\/","title":{"rendered":"Meine Rede zum Wassergesetz"},"content":{"rendered":"<p>Am 27. Oktober 2021 habe ich im Bayerischen Landtag eine Rede zum Gesetzentwurf der Bayerischen Staatsregierung zur \u00c4nderung des Wassergesetzes gehalten. Das neue Wassergesetz greift zu kurz, Kontrollen finden zu selten statt. Dadurch werden Verunreinigungen u.U. zu sp\u00e4t erkannt. Insgesamt wird das f\u00fcr uns lebensnotwendige Trinkwasser zu schlecht gesch\u00fctzt und die Nitratwerte sind vielerorts zu hoch. Die Ausweisung von Wasserschutzgebieten in Bayern ist ein Desaster, Verfahren ziehen sich \u00fcber viele Jahre hin. Dabei sind sie wesentliche Grundlage f\u00fcr die Sicherung unserer Trinkwasserversorgung.<\/p>\n<p><iframe loading=\"lazy\" title=\"YouTube video player\" src=\"https:\/\/www.youtube-nocookie.com\/embed\/FOpI1FNHjlY\" width=\"560\" height=\"315\" frameborder=\"0\" allowfullscreen=\"allowfullscreen\"><\/iframe><\/p>\n","protected":false},"excerpt":{"rendered":"<p>Am 27. Oktober 2021 habe ich im Bayerischen Landtag eine Rede zum Gesetzentwurf der Bayerischen Staatsregierung zur \u00c4nderung des Wassergesetzes gehalten. Das neue Wassergesetz greift zu kurz, Kontrollen finden zu [&hellip;]<\/p>\n","protected":false},"author":-1,"featured_media":0,"comment_status":"open","ping_status":"open","sticky":false,"template":"","format":"standard","meta":{"footnotes":""},"categories":[3],"tags":[],"class_list":["post-395","post","type-post","status-publish","format-standard","hentry","category-landtag"],"_links":{"self":[{"href":"https:\/\/patrick-friedl.de\/wps\/wp-json\/wp\/v2\/posts\/395","targetHints":{"allow":["GET"]}}],"collection":[{"href":"https:\/\/patrick-friedl.de\/wps\/wp-json\/wp\/v2\/posts"}],"about":[{"href":"https:\/\/patrick-friedl.de\/wps\/wp-json\/wp\/v2\/types\/post"}],"author":[{"embeddable":true,"href":"https:\/\/patrick-friedl.de\/wps\/wp-json\/wp\/v2\/users\/8"}],"replies":[{"embeddable":true,"href":"https:\/\/patrick-friedl.de\/wps\/wp-json\/wp\/v2\/comments?post=395"}],"version-history":[{"count":0,"href":"https:\/\/patrick-friedl.de\/wps\/wp-json\/wp\/v2\/posts\/395\/revisions"}],"wp:attachment":[{"href":"https:\/\/patrick-friedl.de\/wps\/wp-json\/wp\/v2\/media?parent=395"}],"wp:term":[{"taxonomy":"category","embeddable":true,"href":"https:\/\/patrick-friedl.de\/wps\/wp-json\/wp\/v2\/categories?post=395"},{"taxonomy":"post_tag","embeddable":true,"href":"https:\/\/patrick-friedl.de\/wps\/wp-json\/wp\/v2\/tags?post=395"}],"curies":[{"name":"wp","href":"https:\/\/api.w.org\/{rel}","templated":true}]}}