{"id":394,"date":"2021-11-05T16:23:43","date_gmt":"2021-11-05T16:23:43","guid":{"rendered":"https:\/\/patrick-friedl.de\/wps\/2021\/11\/05\/unser-wasser\/"},"modified":"2021-11-05T16:23:43","modified_gmt":"2021-11-05T16:23:43","slug":"unser-wasser","status":"publish","type":"post","link":"https:\/\/patrick-friedl.de\/wps\/2021\/11\/05\/unser-wasser\/","title":{"rendered":"Unser Wasser &#8211; Gr\u00fcner Wasserkongress"},"content":{"rendered":"<p><img loading=\"lazy\" decoding=\"async\" class=\" size-full wp-image-390\" src=\"http:\/\/patrick-friedl.de\/wps\/wp-content\/uploads\/2021\/11\/2021_11_15_Wasserkongress_SharePic.jpg\" alt=\"Erhalten was uns erh\u00e4lt: Unser Wasser\" width=\"843\" height=\"472\" srcset=\"https:\/\/patrick-friedl.de\/wps\/wp-content\/uploads\/2021\/11\/2021_11_15_Wasserkongress_SharePic.jpg 843w, https:\/\/patrick-friedl.de\/wps\/wp-content\/uploads\/2021\/11\/2021_11_15_Wasserkongress_SharePic-300x168.jpg 300w, https:\/\/patrick-friedl.de\/wps\/wp-content\/uploads\/2021\/11\/2021_11_15_Wasserkongress_SharePic-768x430.jpg 768w\" sizes=\"auto, (max-width: 843px) 100vw, 843px\" \/><\/p>\n<p>Wasser nachhaltig nutzen, Kommunen an die Klimafolgen anpassen, Menschen und Natur mit Schwammlandschaften sch\u00fctzen: Eine lebenswerte Zukunft passiert nicht einfach so, wir gestalten\u00a0und erhalten sie.<\/p>\n<p>Dar\u00fcber, wie wir mit dem Grundwasser unser Trinkwasser sch\u00fctzen k\u00f6nnen, Schwammlandschaften als Starkregevorsorge n\u00fctzen k\u00f6nnen und \u00fcber Klimaanpassung und Regenr\u00fcckhaltung in der Kommune diskutierte die <a href=\"https:\/\/www.gruene-fraktion-bayern.de\/termine\/2021\/gruener-wasserkongress-erhalten-was-uns-erhaelt\/\">Gr\u00fcne Landtagsfraktion<\/a> am 15. November 2021 mit nahmhaften Expert*innen und den Fachabgeordneten.<\/p>\n<ul>\n<li><strong>Mit dem Grundwasser unser Trinkwasser sch\u00fctzen <\/strong>.<br \/>Mit Prof. Dr. Alois Hei\u00dfenhuber, Technische Universit\u00e4t M\u00fcnchen, und Rosi Steinberger, Vorsitzende des Ausschusses f\u00fcr Umwelt und Verbraucherschutz im Bayerischen Landtag<br \/><a href=\"http:\/\/patrick-friedl.de\/wps\/wp-content\/uploads\/2021\/11\/WasserkongressMnchen15112021Heienhuber.pdf\" target=\"_blank\" rel=\"noopener noreferrer\">Hier k\u00f6nnen Sie die Pr\u00e4sentation von Prof. Dr. Alois Hei\u00dfenhuber als PDF herunterladen. <\/a><\/li>\n<li><strong>Schwammlandschaften als Starkregenvorsorge<\/strong>.<br \/>Mit Prof. Dr. Annette Menzel, Professur f\u00fcr \u00d6koklimatologie an der TU M\u00fcnchen, und Christian Hierneis, Sprecher f\u00fcr Umweltpolitik und Tierschutz<\/li>\n<li><strong>Klimaanpassung und Regenr\u00fcckhaltung in der Kommune<\/strong>.<br \/>Mit Dr. Darla Nickel, Leiterin Berliner Regenwasseragentur, und Patrick Friedl, Sprecher f\u00fcr Naturschutz und Klimaanpassung <br \/><a href=\"http:\/\/patrick-friedl.de\/wps\/wp-content\/uploads\/2021\/11\/20211115_Nickel_Wasserkongress_verffentlichung.pdf\" target=\"_blank\" rel=\"noopener noreferrer\">Hier k\u00f6nnen Sie die Pr\u00e4sentation von Dr. Nickel als PDF herunterladen.<\/a> <br \/><a href=\"http:\/\/patrick-friedl.de\/wps\/wp-content\/uploads\/2021\/11\/21-11-15_Wasserkongress_-_Workshop_Regenwasser_-_final.pdf\" target=\"_blank\" rel=\"noopener noreferrer\">Hier k\u00f6nnen sie die Pr\u00e4sentation von Patrick Friedl herunterladen. <\/a><\/li>\n<\/ul>\n<p>\u00a0<\/p>\n<p><span style=\"font-size: 12pt;\"><strong>Begr\u00fc\u00dfung und Podiumsgespr\u00e4ch:<\/strong><\/span><\/p>\n<p style=\"text-align: center;\"><iframe loading=\"lazy\" title=\"YouTube video player\" src=\"https:\/\/www.youtube.com\/embed\/FSPHUFZ1qE0\" width=\"560\" height=\"315\" frameborder=\"0\" allowfullscreen=\"allowfullscreen\"><\/iframe><\/p>\n<p style=\"text-align: center;\">\u00a0<\/p>\n<p style=\"text-align: left;\"><span style=\"font-size: 12pt;\"><strong>Statements: <\/strong><\/span><\/p>\n<p style=\"text-align: center;\"><iframe loading=\"lazy\" title=\"YouTube video player\" src=\"https:\/\/www.youtube.com\/embed\/cda--LUqICA\" width=\"560\" height=\"315\" frameborder=\"0\" allowfullscreen=\"allowfullscreen\"><\/iframe><\/p>\n<p style=\"text-align: center;\">\u00a0<\/p>\n<p style=\"text-align: left;\"><span style=\"font-size: 12pt;\"><strong>Zusammenfassung der Workshops:<\/strong><\/span><\/p>\n<p style=\"text-align: center;\"><iframe loading=\"lazy\" title=\"YouTube video player\" src=\"https:\/\/www.youtube.com\/embed\/UdtJjoQb92w\" width=\"560\" height=\"315\" frameborder=\"0\" allowfullscreen=\"allowfullscreen\"><\/iframe><\/p>\n<p style=\"text-align: center;\">\u00a0<\/p>\n<p style=\"text-align: left;\">\u00a0<\/p>\n","protected":false},"excerpt":{"rendered":"<p>Wasser nachhaltig nutzen, Kommunen an die Klimafolgen anpassen, Menschen und Natur mit Schwammlandschaften sch\u00fctzen: Eine lebenswerte Zukunft passiert nicht einfach so, wir gestalten\u00a0und erhalten sie. Dar\u00fcber, wie wir mit dem [&hellip;]<\/p>\n","protected":false},"author":-1,"featured_media":390,"comment_status":"open","ping_status":"open","sticky":false,"template":"","format":"standard","meta":{"footnotes":""},"categories":[3],"tags":[],"class_list":["post-394","post","type-post","status-publish","format-standard","has-post-thumbnail","hentry","category-landtag"],"_links":{"self":[{"href":"https:\/\/patrick-friedl.de\/wps\/wp-json\/wp\/v2\/posts\/394","targetHints":{"allow":["GET"]}}],"collection":[{"href":"https:\/\/patrick-friedl.de\/wps\/wp-json\/wp\/v2\/posts"}],"about":[{"href":"https:\/\/patrick-friedl.de\/wps\/wp-json\/wp\/v2\/types\/post"}],"author":[{"embeddable":true,"href":"https:\/\/patrick-friedl.de\/wps\/wp-json\/wp\/v2\/users\/3"}],"replies":[{"embeddable":true,"href":"https:\/\/patrick-friedl.de\/wps\/wp-json\/wp\/v2\/comments?post=394"}],"version-history":[{"count":0,"href":"https:\/\/patrick-friedl.de\/wps\/wp-json\/wp\/v2\/posts\/394\/revisions"}],"wp:featuredmedia":[{"embeddable":true,"href":"https:\/\/patrick-friedl.de\/wps\/wp-json\/wp\/v2\/media\/390"}],"wp:attachment":[{"href":"https:\/\/patrick-friedl.de\/wps\/wp-json\/wp\/v2\/media?parent=394"}],"wp:term":[{"taxonomy":"category","embeddable":true,"href":"https:\/\/patrick-friedl.de\/wps\/wp-json\/wp\/v2\/categories?post=394"},{"taxonomy":"post_tag","embeddable":true,"href":"https:\/\/patrick-friedl.de\/wps\/wp-json\/wp\/v2\/tags?post=394"}],"curies":[{"name":"wp","href":"https:\/\/api.w.org\/{rel}","templated":true}]}}