{"id":389,"date":"2021-10-18T15:43:19","date_gmt":"2021-10-18T14:43:19","guid":{"rendered":"https:\/\/patrick-friedl.de\/wps\/2021\/10\/18\/schriftliche-anfrage-hitze-und-gesundheit-in-bayern-2020\/"},"modified":"2025-06-03T14:08:27","modified_gmt":"2025-06-03T13:08:27","slug":"schriftliche-anfrage-hitze-und-gesundheit-in-bayern-2020","status":"publish","type":"post","link":"https:\/\/patrick-friedl.de\/wps\/2021\/10\/18\/schriftliche-anfrage-hitze-und-gesundheit-in-bayern-2020\/","title":{"rendered":"Schriftliche Anfrage: Hitze und Gesundheit in Bayern 2020"},"content":{"rendered":"<p>Nach den Hitzesommern 2018 und 2019 bot auch das Jahr 2020 keine Erholung. Im Gegenteil, es war sowohl deutschland- als auch weltweit das zweitw\u00e4rmste Jahr seit Beginn der Wetteraufzeichnungen. Die anhaltend hohen Temperaturen im Sommer stellen eine ernst zu nehmende Bedrohung f\u00fcr die menschliche Gesundheit dar, sowohl durch direkte Auswirkungen der Hitze als auch durch indirekte Folgen wie die vermehrte Ausbreitung von Krankheiten (z. B. Hantavirus) und Sch\u00e4dlingen (wie z. B. Eichenprozessionsspinner, Cyanobakterien, Beifu\u00df-Ambrosie).<\/p>\n<p>Vor diesem Hintergrund habe ich gemeinsam mit Rosi Steinberger und Christian Hierneis die Staatsregierung befragt. Dabei fragten wir unter anderem nach Daten und Auswertungen zu hitzebedingten Belastungen, Erkrankungen und Todesf\u00e4llen. Weiterhin war beispielsweise auch die Begr\u00fcnung, Bepflanzung, K\u00fchlung und\/oder Abschattung kommunaler Geb\u00e4ude ein Teil der Anfrage.<\/p>\n<p><a href=\"https:\/\/www1.bayern.landtag.de\/www\/ElanTextAblage_WP18\/Drucksachen\/Schriftliche%20Anfragen\/18_0017540.pdf\">Hier <\/a>finden Sie die Schriftliche Anfrage und die Antwort der Staatsregierung.<\/p>\n","protected":false},"excerpt":{"rendered":"<p>Nach den Hitzesommern 2018 und 2019 bot auch das Jahr 2020 keine Erholung. Im Gegenteil, es war sowohl deutschland- als auch weltweit das zweitw\u00e4rmste Jahr seit Beginn der Wetteraufzeichnungen. Die [&hellip;]<\/p>\n","protected":false},"author":-1,"featured_media":0,"comment_status":"closed","ping_status":"closed","sticky":false,"template":"","format":"standard","meta":{"footnotes":""},"categories":[81,45,77],"tags":[],"class_list":["post-389","post","type-post","status-publish","format-standard","hentry","category-klimaschutz-klimaanpassungen-san","category-anfragen-im-landtag-2","category-schriftliche-anfragen"],"_links":{"self":[{"href":"https:\/\/patrick-friedl.de\/wps\/wp-json\/wp\/v2\/posts\/389","targetHints":{"allow":["GET"]}}],"collection":[{"href":"https:\/\/patrick-friedl.de\/wps\/wp-json\/wp\/v2\/posts"}],"about":[{"href":"https:\/\/patrick-friedl.de\/wps\/wp-json\/wp\/v2\/types\/post"}],"author":[{"embeddable":true,"href":"https:\/\/patrick-friedl.de\/wps\/wp-json\/wp\/v2\/users\/8"}],"replies":[{"embeddable":true,"href":"https:\/\/patrick-friedl.de\/wps\/wp-json\/wp\/v2\/comments?post=389"}],"version-history":[{"count":1,"href":"https:\/\/patrick-friedl.de\/wps\/wp-json\/wp\/v2\/posts\/389\/revisions"}],"predecessor-version":[{"id":1901,"href":"https:\/\/patrick-friedl.de\/wps\/wp-json\/wp\/v2\/posts\/389\/revisions\/1901"}],"wp:attachment":[{"href":"https:\/\/patrick-friedl.de\/wps\/wp-json\/wp\/v2\/media?parent=389"}],"wp:term":[{"taxonomy":"category","embeddable":true,"href":"https:\/\/patrick-friedl.de\/wps\/wp-json\/wp\/v2\/categories?post=389"},{"taxonomy":"post_tag","embeddable":true,"href":"https:\/\/patrick-friedl.de\/wps\/wp-json\/wp\/v2\/tags?post=389"}],"curies":[{"name":"wp","href":"https:\/\/api.w.org\/{rel}","templated":true}]}}