{"id":388,"date":"2021-10-18T15:28:05","date_gmt":"2021-10-18T14:28:05","guid":{"rendered":"https:\/\/patrick-friedl.de\/wps\/2021\/10\/18\/schriftliche-anfrage-bewaesserung-in-bayern\/"},"modified":"2025-06-03T13:58:58","modified_gmt":"2025-06-03T12:58:58","slug":"schriftliche-anfrage-bewaesserung-in-bayern","status":"publish","type":"post","link":"https:\/\/patrick-friedl.de\/wps\/2021\/10\/18\/schriftliche-anfrage-bewaesserung-in-bayern\/","title":{"rendered":"Schriftliche Anfrage: Bew\u00e4sserung in Bayern"},"content":{"rendered":"<p>Durch den Klimawandel mit steigenden Temperaturen, Trockenjahren in immer engerer Abfolge und v\u00f6llig ver\u00e4nderter Verteilung der Niederschl\u00e4ge geraten die Trinkwassergewinnung und die landwirtschaftliche Erzeugung mehr und mehr unter Druck.<\/p>\n<p>Gemeinsam mit Paul Knoblach habe ich deshalb die Landesregierung zur Bew\u00e4sserung in Bayern befragt. Die Anfrage und Antwort finden Sie <a href=\"https:\/\/www1.bayern.landtag.de\/www\/ElanTextAblage_WP18\/Drucksachen\/Schriftliche%20Anfragen\/18_0017567.pdf\" target=\"_blank\" rel=\"noopener noreferrer\">hier<\/a>.<\/p>\n","protected":false},"excerpt":{"rendered":"<p>Durch den Klimawandel mit steigenden Temperaturen, Trockenjahren in immer engerer Abfolge und v\u00f6llig ver\u00e4nderter Verteilung der Niederschl\u00e4ge geraten die Trinkwassergewinnung und die landwirtschaftliche Erzeugung mehr und mehr unter Druck. Gemeinsam [&hellip;]<\/p>\n","protected":false},"author":-1,"featured_media":0,"comment_status":"open","ping_status":"open","sticky":false,"template":"","format":"standard","meta":{"footnotes":""},"categories":[45,77,80],"tags":[],"class_list":["post-388","post","type-post","status-publish","format-standard","hentry","category-anfragen-im-landtag-2","category-schriftliche-anfragen","category-wasser-gewaesser-san"],"_links":{"self":[{"href":"https:\/\/patrick-friedl.de\/wps\/wp-json\/wp\/v2\/posts\/388","targetHints":{"allow":["GET"]}}],"collection":[{"href":"https:\/\/patrick-friedl.de\/wps\/wp-json\/wp\/v2\/posts"}],"about":[{"href":"https:\/\/patrick-friedl.de\/wps\/wp-json\/wp\/v2\/types\/post"}],"author":[{"embeddable":true,"href":"https:\/\/patrick-friedl.de\/wps\/wp-json\/wp\/v2\/users\/8"}],"replies":[{"embeddable":true,"href":"https:\/\/patrick-friedl.de\/wps\/wp-json\/wp\/v2\/comments?post=388"}],"version-history":[{"count":1,"href":"https:\/\/patrick-friedl.de\/wps\/wp-json\/wp\/v2\/posts\/388\/revisions"}],"predecessor-version":[{"id":1900,"href":"https:\/\/patrick-friedl.de\/wps\/wp-json\/wp\/v2\/posts\/388\/revisions\/1900"}],"wp:attachment":[{"href":"https:\/\/patrick-friedl.de\/wps\/wp-json\/wp\/v2\/media?parent=388"}],"wp:term":[{"taxonomy":"category","embeddable":true,"href":"https:\/\/patrick-friedl.de\/wps\/wp-json\/wp\/v2\/categories?post=388"},{"taxonomy":"post_tag","embeddable":true,"href":"https:\/\/patrick-friedl.de\/wps\/wp-json\/wp\/v2\/tags?post=388"}],"curies":[{"name":"wp","href":"https:\/\/api.w.org\/{rel}","templated":true}]}}