{"id":384,"date":"2021-09-16T15:09:33","date_gmt":"2021-09-16T14:09:33","guid":{"rendered":"https:\/\/patrick-friedl.de\/wps\/2021\/09\/16\/baeume-schonen-statt-sie-zu-umarmen\/"},"modified":"2021-09-16T15:09:33","modified_gmt":"2021-09-16T14:09:33","slug":"baeume-schonen-statt-sie-zu-umarmen","status":"publish","type":"post","link":"https:\/\/patrick-friedl.de\/wps\/2021\/09\/16\/baeume-schonen-statt-sie-zu-umarmen\/","title":{"rendered":"&#8222;B\u00e4ume schonen, statt sie zu umarmen!&#8220;"},"content":{"rendered":"<p><img loading=\"lazy\" decoding=\"async\" class=\" size-full wp-image-383\" src=\"http:\/\/patrick-friedl.de\/wps\/wp-content\/uploads\/2021\/09\/Laubwald.jpg\" alt=\"Laubwald\" width=\"737\" height=\"414\" srcset=\"https:\/\/patrick-friedl.de\/wps\/wp-content\/uploads\/2021\/09\/Laubwald.jpg 737w, https:\/\/patrick-friedl.de\/wps\/wp-content\/uploads\/2021\/09\/Laubwald-300x169.jpg 300w\" sizes=\"auto, (max-width: 737px) 100vw, 737px\" \/><\/p>\n<p><strong>Patrick Friedl kritisiert mangelhaften Einsatz von Recyclingpapier in Bayerns Staatsministerien<\/strong><\/p>\n<p>\u201eEs ist mir ein R\u00e4tsel, warum sich viele Staatsministerien dem Umwelt- und Klimaschutz \u00fcber Jahre standhaft verweigern. Dabei spart der Einsatz von Recyclingpapier bis zu \u00fcber 60 Prozent Energie und ist effektiver Umweltschutz\u201c, kommentiert Patrick Friedl, Sprecher f\u00fcr Naturschutz und Klimaanpassung. Die Antwort auf eine <a href=\"https:\/\/www.gruene-fraktion-bayern.de\/fileadmin\/bayern\/user_upload\/21-09-16_SAN_Friedl_Recyclingpapier_Staatsregierung.pdf\">Anfrage\u00a0 <\/a>von Patrick Friedl an die Staatsregierung zeigt, dass der Einsatz von Recyclingpapier in den Ministerien der S\u00f6der-Regierung weiterhin ungen\u00fcgend ist. \u201eIn der Staatskanzlei ist die Zahl nach 71 Prozent im Jahr 2016 sogar auf nur noch 56 Prozent zur\u00fcckgegangen. Und das, obwohl die Staatsregierung immer wieder davon spricht, dass sie bis zum Jahr 2030 eine klimaneutrale Verwaltung will \u2013 wenn\u00b4s selbst bei den kleinen Dingen noch so eklatant hapert, wissen wir alle, dass es dazu vermutlich nicht kommen wird!\u201c, so Patrick Friedl.<\/p>\n<p><!--more--><\/p>\n<p>\u201eWie man Wasser predigt, selbst aber Wein trinkt zeigt vor allem das Ministerium f\u00fcr Unterricht und Kultus. Das empfiehlt den Schulen in Bayern nachdr\u00fccklich, Recyclingpapier zu verwenden, kommt selbst aber nur auf eine Recyclingpapier-Quote von unter 11 Prozent. Gleichzeitig liegt es beim Papierverbrauch pro Kopf mit 37 Kilogramm vorn.\u201c<\/p>\n<p>In ihren Richtlinien zum Umweltschutz in Beh\u00f6rden aus dem Jahr 2014 schreibt die Staatsregierung, dass die Ber\u00fccksichtigung von Umweltaspekten bei der Beschaffung nicht Option oder gar vernachl\u00e4ssigbar, sondern rechtliche Pflicht sei. Patrick Friedl: \u201eEs wird h\u00f6chste Zeit, dass sie dieser Pflicht endlich selbst nachkommt, anstatt nur den Zeigefinger zu heben. Ministerpr\u00e4sident S\u00f6der sollte nicht B\u00e4ume umarmen, sondern B\u00e4ume schonen, und zwar durch 100 Prozent Recyclingpapier in der Staatskanzlei und allen bayerischen Ministerien!\u201c<\/p>\n<p>Diese Pressemitteilung finden Sie auch auf der <a href=\"https:\/\/www.gruene-fraktion-bayern.de\/themen\/umwelt-natur-und-klima\/2021\/baeume-schonen-statt-sie-zu-umarmen\/?L=0\" target=\"_blank\" rel=\"noopener noreferrer\">Homepage der Landtagsfraktion.<\/a><\/p>\n","protected":false},"excerpt":{"rendered":"<p>Patrick Friedl kritisiert mangelhaften Einsatz von Recyclingpapier in Bayerns Staatsministerien \u201eEs ist mir ein R\u00e4tsel, warum sich viele Staatsministerien dem Umwelt- und Klimaschutz \u00fcber Jahre standhaft verweigern. Dabei spart der [&hellip;]<\/p>\n","protected":false},"author":-1,"featured_media":383,"comment_status":"open","ping_status":"open","sticky":false,"template":"","format":"standard","meta":{"footnotes":""},"categories":[31],"tags":[],"class_list":["post-384","post","type-post","status-publish","format-standard","has-post-thumbnail","hentry","category-pressemitteilungen"],"_links":{"self":[{"href":"https:\/\/patrick-friedl.de\/wps\/wp-json\/wp\/v2\/posts\/384","targetHints":{"allow":["GET"]}}],"collection":[{"href":"https:\/\/patrick-friedl.de\/wps\/wp-json\/wp\/v2\/posts"}],"about":[{"href":"https:\/\/patrick-friedl.de\/wps\/wp-json\/wp\/v2\/types\/post"}],"author":[{"embeddable":true,"href":"https:\/\/patrick-friedl.de\/wps\/wp-json\/wp\/v2\/users\/8"}],"replies":[{"embeddable":true,"href":"https:\/\/patrick-friedl.de\/wps\/wp-json\/wp\/v2\/comments?post=384"}],"version-history":[{"count":0,"href":"https:\/\/patrick-friedl.de\/wps\/wp-json\/wp\/v2\/posts\/384\/revisions"}],"wp:featuredmedia":[{"embeddable":true,"href":"https:\/\/patrick-friedl.de\/wps\/wp-json\/wp\/v2\/media\/383"}],"wp:attachment":[{"href":"https:\/\/patrick-friedl.de\/wps\/wp-json\/wp\/v2\/media?parent=384"}],"wp:term":[{"taxonomy":"category","embeddable":true,"href":"https:\/\/patrick-friedl.de\/wps\/wp-json\/wp\/v2\/categories?post=384"},{"taxonomy":"post_tag","embeddable":true,"href":"https:\/\/patrick-friedl.de\/wps\/wp-json\/wp\/v2\/tags?post=384"}],"curies":[{"name":"wp","href":"https:\/\/api.w.org\/{rel}","templated":true}]}}