{"id":382,"date":"2021-09-14T12:50:06","date_gmt":"2021-09-14T11:50:06","guid":{"rendered":"https:\/\/patrick-friedl.de\/wps\/2021\/09\/14\/weil-es-die-groesste-chance-fuer-unser-soziales-miteinander-ist-darum-bin-ich-geimpft\/"},"modified":"2021-09-14T12:50:06","modified_gmt":"2021-09-14T11:50:06","slug":"weil-es-die-groesste-chance-fuer-unser-soziales-miteinander-ist-darum-bin-ich-geimpft","status":"publish","type":"post","link":"https:\/\/patrick-friedl.de\/wps\/2021\/09\/14\/weil-es-die-groesste-chance-fuer-unser-soziales-miteinander-ist-darum-bin-ich-geimpft\/","title":{"rendered":"Weil es die gr\u00f6\u00dfte Chance f\u00fcr unser soziales Miteinander ist. Darum bin ich geimpft."},"content":{"rendered":"<p><video controls=\"controls\" width=\"100%\" height=\"258\"><source src=\"\/cms\/images\/mp4\/Weil-es-die-groesste-Chance-fuer-unser-soziales-Miteinander-ist.mp4\" type=\"video\/mp4\" \/><\/video><\/p>\n<p>Aktion der Region Mainfranken zur bundesweiten Aktionswoche Impfen <a href=\"https:\/\/www.bundesregierung.de\/breg-de\/suche\/bundesweite-aktionswoche-hierwirdgeimpft-vom-13-bis-19-september-2021-1955722\">#HierWirdGeimpft<\/a>.<\/p>\n<p>Allgemeine lokale Infos <a href=\"http:\/\/www.impfen-wuerzburg.de\">hier<\/a>.\u00a0<\/p>\n","protected":false},"excerpt":{"rendered":"<p>Aktion der Region Mainfranken zur bundesweiten Aktionswoche Impfen #HierWirdGeimpft. Allgemeine lokale Infos hier.\u00a0<\/p>\n","protected":false},"author":-1,"featured_media":0,"comment_status":"open","ping_status":"open","sticky":false,"template":"","format":"standard","meta":{"footnotes":""},"categories":[3],"tags":[],"class_list":["post-382","post","type-post","status-publish","format-standard","hentry","category-landtag"],"_links":{"self":[{"href":"https:\/\/patrick-friedl.de\/wps\/wp-json\/wp\/v2\/posts\/382","targetHints":{"allow":["GET"]}}],"collection":[{"href":"https:\/\/patrick-friedl.de\/wps\/wp-json\/wp\/v2\/posts"}],"about":[{"href":"https:\/\/patrick-friedl.de\/wps\/wp-json\/wp\/v2\/types\/post"}],"author":[{"embeddable":true,"href":"https:\/\/patrick-friedl.de\/wps\/wp-json\/wp\/v2\/users\/8"}],"replies":[{"embeddable":true,"href":"https:\/\/patrick-friedl.de\/wps\/wp-json\/wp\/v2\/comments?post=382"}],"version-history":[{"count":0,"href":"https:\/\/patrick-friedl.de\/wps\/wp-json\/wp\/v2\/posts\/382\/revisions"}],"wp:attachment":[{"href":"https:\/\/patrick-friedl.de\/wps\/wp-json\/wp\/v2\/media?parent=382"}],"wp:term":[{"taxonomy":"category","embeddable":true,"href":"https:\/\/patrick-friedl.de\/wps\/wp-json\/wp\/v2\/categories?post=382"},{"taxonomy":"post_tag","embeddable":true,"href":"https:\/\/patrick-friedl.de\/wps\/wp-json\/wp\/v2\/tags?post=382"}],"curies":[{"name":"wp","href":"https:\/\/api.w.org\/{rel}","templated":true}]}}