{"id":381,"date":"2021-08-05T08:44:26","date_gmt":"2021-08-05T07:44:26","guid":{"rendered":"https:\/\/patrick-friedl.de\/wps\/2021\/08\/05\/gruene-sehen-bayern-gegen-starkregen-und-extrem-hitze-schlecht-gewappnet\/"},"modified":"2021-08-05T08:44:26","modified_gmt":"2021-08-05T07:44:26","slug":"gruene-sehen-bayern-gegen-starkregen-und-extrem-hitze-schlecht-gewappnet","status":"publish","type":"post","link":"https:\/\/patrick-friedl.de\/wps\/2021\/08\/05\/gruene-sehen-bayern-gegen-starkregen-und-extrem-hitze-schlecht-gewappnet\/","title":{"rendered":"Gr\u00fcne sehen Bayern gegen Starkregen und Extrem-Hitze schlecht gewappnet"},"content":{"rendered":"<p><img loading=\"lazy\" decoding=\"async\" class=\" size-full wp-image-380\" src=\"http:\/\/patrick-friedl.de\/wps\/wp-content\/uploads\/2021\/08\/2021_08_05_Gute_Klimapolitik_braucht_Krisenverstaendnis_Klarheit_und_Konsequenz.jpg\" alt=\"Gute Klimapolitik braucht Krisenverst\u00e4ndnis, Klarheit und Konsequenz\" width=\"1080\" height=\"1080\" srcset=\"https:\/\/patrick-friedl.de\/wps\/wp-content\/uploads\/2021\/08\/2021_08_05_Gute_Klimapolitik_braucht_Krisenverstaendnis_Klarheit_und_Konsequenz.jpg 1080w, https:\/\/patrick-friedl.de\/wps\/wp-content\/uploads\/2021\/08\/2021_08_05_Gute_Klimapolitik_braucht_Krisenverstaendnis_Klarheit_und_Konsequenz-300x300.jpg 300w, https:\/\/patrick-friedl.de\/wps\/wp-content\/uploads\/2021\/08\/2021_08_05_Gute_Klimapolitik_braucht_Krisenverstaendnis_Klarheit_und_Konsequenz-1024x1024.jpg 1024w, https:\/\/patrick-friedl.de\/wps\/wp-content\/uploads\/2021\/08\/2021_08_05_Gute_Klimapolitik_braucht_Krisenverstaendnis_Klarheit_und_Konsequenz-150x150.jpg 150w, https:\/\/patrick-friedl.de\/wps\/wp-content\/uploads\/2021\/08\/2021_08_05_Gute_Klimapolitik_braucht_Krisenverstaendnis_Klarheit_und_Konsequenz-768x768.jpg 768w\" sizes=\"auto, (max-width: 1080px) 100vw, 1080px\" \/><\/p>\n<p><strong>Der Gr\u00fcnen-Landtagsabgeordnete Patrick Friedl aus W\u00fcrzburg kritisiert, Bayern sei weder auf Extrem-Hitze noch auf Starkregen gut vorbereitet. Was die Staatsregierung dazu sagt.<\/strong><\/p>\n<p>[\u2026]<br \/>Klimaforscher Heiko Paeth von der Universit\u00e4t W\u00fcrzburg geht davon aus, dass extreme Wetterlagen mit der Klimaerw\u00e4rmung in Zukunft h\u00e4ufiger auftreten. Und theoretisch jede Region Deutschlands treffen k\u00f6nnen. W\u00e4re Bayern darauf vorbereitet? &#8211; Die Gr\u00fcnen im Bayerischen Landtag bezweifeln das. Der W\u00fcrzburger Landtagsabgeordnete Patrick Friedl sagt: &#8222;Bayern tut insgesamt zu wenig, um sich gegen Extremwetterereignisse zu sch\u00fctzen.&#8220; Die Vorsorge m\u00fcsse verbessert werden. Seine Fraktion hatte deshalb einen Dringlichkeitsantrag f\u00fcr ein &#8222;Sofortprogramm Starkregenvorsorge und Extrem-Hitze-Schutz&#8220; gestellt. Dieser wurde allerdings abgelehnt.<\/p>\n<p>Weiterlesen im <a href=\"https:\/\/www.mainpost.de\/regional\/wuerzburg\/gruene-sehen-bayern-gegen-starkregen-und-extrem-hitze-schlecht-gewappnet-art-10641213\">Mainpost-Artikel<\/a> vom 04.08.2021.<\/p>\n","protected":false},"excerpt":{"rendered":"<p>Der Gr\u00fcnen-Landtagsabgeordnete Patrick Friedl aus W\u00fcrzburg kritisiert, Bayern sei weder auf Extrem-Hitze noch auf Starkregen gut vorbereitet. Was die Staatsregierung dazu sagt. [\u2026]Klimaforscher Heiko Paeth von der Universit\u00e4t W\u00fcrzburg geht [&hellip;]<\/p>\n","protected":false},"author":-1,"featured_media":380,"comment_status":"open","ping_status":"open","sticky":false,"template":"","format":"standard","meta":{"footnotes":""},"categories":[31],"tags":[],"class_list":["post-381","post","type-post","status-publish","format-standard","has-post-thumbnail","hentry","category-pressemitteilungen"],"_links":{"self":[{"href":"https:\/\/patrick-friedl.de\/wps\/wp-json\/wp\/v2\/posts\/381","targetHints":{"allow":["GET"]}}],"collection":[{"href":"https:\/\/patrick-friedl.de\/wps\/wp-json\/wp\/v2\/posts"}],"about":[{"href":"https:\/\/patrick-friedl.de\/wps\/wp-json\/wp\/v2\/types\/post"}],"author":[{"embeddable":true,"href":"https:\/\/patrick-friedl.de\/wps\/wp-json\/wp\/v2\/users\/8"}],"replies":[{"embeddable":true,"href":"https:\/\/patrick-friedl.de\/wps\/wp-json\/wp\/v2\/comments?post=381"}],"version-history":[{"count":0,"href":"https:\/\/patrick-friedl.de\/wps\/wp-json\/wp\/v2\/posts\/381\/revisions"}],"wp:featuredmedia":[{"embeddable":true,"href":"https:\/\/patrick-friedl.de\/wps\/wp-json\/wp\/v2\/media\/380"}],"wp:attachment":[{"href":"https:\/\/patrick-friedl.de\/wps\/wp-json\/wp\/v2\/media?parent=381"}],"wp:term":[{"taxonomy":"category","embeddable":true,"href":"https:\/\/patrick-friedl.de\/wps\/wp-json\/wp\/v2\/categories?post=381"},{"taxonomy":"post_tag","embeddable":true,"href":"https:\/\/patrick-friedl.de\/wps\/wp-json\/wp\/v2\/tags?post=381"}],"curies":[{"name":"wp","href":"https:\/\/api.w.org\/{rel}","templated":true}]}}