{"id":379,"date":"2021-08-05T08:23:17","date_gmt":"2021-08-05T07:23:17","guid":{"rendered":"https:\/\/patrick-friedl.de\/wps\/2021\/08\/05\/wassermangel-in-franken-bewaesserung-aus-dem-main-ist-keine-generalloesung\/"},"modified":"2021-08-05T08:23:17","modified_gmt":"2021-08-05T07:23:17","slug":"wassermangel-in-franken-bewaesserung-aus-dem-main-ist-keine-generalloesung","status":"publish","type":"post","link":"https:\/\/patrick-friedl.de\/wps\/2021\/08\/05\/wassermangel-in-franken-bewaesserung-aus-dem-main-ist-keine-generalloesung\/","title":{"rendered":"Doppelinterview mit Claudia Roth und Patrick Friedl in der Mainpost"},"content":{"rendered":"<p><img loading=\"lazy\" decoding=\"async\" class=\" size-full wp-image-378\" src=\"http:\/\/patrick-friedl.de\/wps\/wp-content\/uploads\/2021\/08\/2021_08_03_Mainpost_Foto_Matthias_Lorentzen__Claudia_Roth__Patrick_Friedl_sr.jpg\" alt=\"Claudia Roth und Patrick Friedlin W\u00fcrzburg - Foto: Matthias Lorentzen\" width=\"900\" height=\"732\" srcset=\"https:\/\/patrick-friedl.de\/wps\/wp-content\/uploads\/2021\/08\/2021_08_03_Mainpost_Foto_Matthias_Lorentzen__Claudia_Roth__Patrick_Friedl_sr.jpg 900w, https:\/\/patrick-friedl.de\/wps\/wp-content\/uploads\/2021\/08\/2021_08_03_Mainpost_Foto_Matthias_Lorentzen__Claudia_Roth__Patrick_Friedl_sr-300x244.jpg 300w, https:\/\/patrick-friedl.de\/wps\/wp-content\/uploads\/2021\/08\/2021_08_03_Mainpost_Foto_Matthias_Lorentzen__Claudia_Roth__Patrick_Friedl_sr-768x625.jpg 768w\" sizes=\"auto, (max-width: 900px) 100vw, 900px\" \/><\/p>\n<p>Die Klimakrise hat uns l\u00e4ngst erreicht. Sie ist die gr\u00f6\u00dfte Herausforderung der Menschheit im 21. Jahrhundert. Wir m\u00fcssen jetzt Vorsorge treffen, Klimaschutz und Klimaanpassung zugleich wirksam ins Werk setzen. Wir haben die Verantwortung, die Lebensgrundlagen f\u00fcr unsere zuk\u00fcnftigen Generationen zu sichern. Das ist unsere Verantwortung, der wir als Gesellschaft bisher nicht nachkommen. Dies hat auch das <a href=\"https:\/\/www.bundesverfassungsgericht.de\/SharedDocs\/Pressemitteilungen\/DE\/2021\/bvg21-031\" target=\"_blank\" rel=\"noopener noreferrer\">Bundesverfassungsgericht<\/a> deutlich gemacht.<\/p>\n<p>Weiterlesen im <a href=\"https:\/\/www.mainpost.de\/regional\/wuerzburg\/weinbau-in-franken-bewaesserung-aus-dem-main-ist-keine-generalloesung-art-10640344\" target=\"_blank\" rel=\"noopener noreferrer\">Mainpost-Artikel<\/a> vom 03.08.2021.<\/p>\n","protected":false},"excerpt":{"rendered":"<p>Die Klimakrise hat uns l\u00e4ngst erreicht. Sie ist die gr\u00f6\u00dfte Herausforderung der Menschheit im 21. Jahrhundert. Wir m\u00fcssen jetzt Vorsorge treffen, Klimaschutz und Klimaanpassung zugleich wirksam ins Werk setzen. Wir [&hellip;]<\/p>\n","protected":false},"author":-1,"featured_media":378,"comment_status":"open","ping_status":"open","sticky":false,"template":"","format":"standard","meta":{"footnotes":""},"categories":[31],"tags":[],"class_list":["post-379","post","type-post","status-publish","format-standard","has-post-thumbnail","hentry","category-pressemitteilungen"],"_links":{"self":[{"href":"https:\/\/patrick-friedl.de\/wps\/wp-json\/wp\/v2\/posts\/379","targetHints":{"allow":["GET"]}}],"collection":[{"href":"https:\/\/patrick-friedl.de\/wps\/wp-json\/wp\/v2\/posts"}],"about":[{"href":"https:\/\/patrick-friedl.de\/wps\/wp-json\/wp\/v2\/types\/post"}],"author":[{"embeddable":true,"href":"https:\/\/patrick-friedl.de\/wps\/wp-json\/wp\/v2\/users\/8"}],"replies":[{"embeddable":true,"href":"https:\/\/patrick-friedl.de\/wps\/wp-json\/wp\/v2\/comments?post=379"}],"version-history":[{"count":0,"href":"https:\/\/patrick-friedl.de\/wps\/wp-json\/wp\/v2\/posts\/379\/revisions"}],"wp:featuredmedia":[{"embeddable":true,"href":"https:\/\/patrick-friedl.de\/wps\/wp-json\/wp\/v2\/media\/378"}],"wp:attachment":[{"href":"https:\/\/patrick-friedl.de\/wps\/wp-json\/wp\/v2\/media?parent=379"}],"wp:term":[{"taxonomy":"category","embeddable":true,"href":"https:\/\/patrick-friedl.de\/wps\/wp-json\/wp\/v2\/categories?post=379"},{"taxonomy":"post_tag","embeddable":true,"href":"https:\/\/patrick-friedl.de\/wps\/wp-json\/wp\/v2\/tags?post=379"}],"curies":[{"name":"wp","href":"https:\/\/api.w.org\/{rel}","templated":true}]}}