{"id":3582,"date":"2025-12-01T12:27:58","date_gmt":"2025-12-01T12:27:58","guid":{"rendered":"https:\/\/patrick-friedl.de\/wps\/?p=3582"},"modified":"2025-12-01T12:28:13","modified_gmt":"2025-12-01T12:28:13","slug":"grundwasser-in-gefahr-was-taugt-die-novelle-des-bayerischen-wassergesetzes","status":"publish","type":"post","link":"https:\/\/patrick-friedl.de\/wps\/2025\/12\/01\/grundwasser-in-gefahr-was-taugt-die-novelle-des-bayerischen-wassergesetzes\/","title":{"rendered":"Grundwasser in Gefahr \u2013 was taugt die Novelle des Bayerischen Wassergesetzes?"},"content":{"rendered":"\n<p><strong>Anh\u00f6rung u. a. auf Initiative der Landtags-Gr\u00fcnen am Dienstag, 2. Dezember 2025, im Umweltausschuss<\/strong><\/p>\n\n\n\n<p>M\u00fcnchen (01.12.2025)&nbsp;\u2013&nbsp;Wie gelingt ein Wassergesetz, das Bayerns Natur sch\u00fctzt und gleichzeitig eine sichere, gerechte Wasserversorgung f\u00fcr alle gew\u00e4hrleistet? Diese Frage steht im Zentrum der Sachverst\u00e4ndigenanh\u00f6rung zur Novelle des Bayerischen Wassergesetzes (BayWG),&nbsp;die&nbsp;am&nbsp;<strong>Dienstag, 2. Dezember 2025<\/strong>, von&nbsp;<strong>14:00 bis 17:00 Uhr<\/strong>&nbsp;im&nbsp;<strong>Konferenzsaal des Bayerischen&nbsp;Landtags<\/strong>&nbsp;(Tagesordnung im Anhang)&nbsp;u. a.&nbsp;auf Initiative der&nbsp;Landtags-Gr\u00fcnen stattfindet.&nbsp;&nbsp;<\/p>\n\n\n\n<p><strong>Patrick Friedl<\/strong>, Sprecher f\u00fcr Naturschutz und Klimaanpassung, betont: \u201eBayerns Wassergesetz muss Natur und Menschen sch\u00fctzen \u2013 nicht Partikularinteressen, wie es der aktuelle Gesetzentwurf der Staatsregierung tut.\u201d&nbsp;&nbsp;<\/p>\n\n\n\n<p>Die Landtags-Gr\u00fcnen kritisieren insbesondere, dass&nbsp;Verbraucher*innen, kommunale Wasserversorger und Landwirt*innen ohne Mitgliedschaft in Wasser- und Bodenverb\u00e4nden k\u00fcnftig den Wassercent zahlen m\u00fcssen,&nbsp;w\u00e4hrend&nbsp;Mitglieder der neuen Bew\u00e4sserungsverb\u00e4nde davon befreit werden.&nbsp;<\/p>\n\n\n\n<p>Statt all das umzusetzen, was dabei hilft, Wasser zu speichern, zu sparen und Boden und Landschaft vor dem Austrocknen zu bewahren, d\u00fcrfte es k\u00fcnftig eher noch einfacher werden,&nbsp;Grundwasser f\u00fcr Bew\u00e4sserung zu nutzen, warnt&nbsp;<strong>Patrick Friedl<\/strong>:&nbsp;\u201eUnser Grundwasser bringt das ernsthaft in Gefahr.&nbsp;Wer&nbsp;nat\u00fcrlichen Wasserr\u00fcckhalt, Moorschutz und nachhaltige Entnahmegrenzen ignoriert,&nbsp;schafft&nbsp;kein Zukunftsgesetz. Wir holen&nbsp;daher&nbsp;die&nbsp;fachliche&nbsp;Expertise&nbsp;ins Parlament, die die Staatsregierung bislang&nbsp;weitgehend&nbsp;au\u00dfen vorgelassen hat.\u201c<\/p>\n\n\n\n<p>Im Fokus&nbsp;der Anh\u00f6rung&nbsp;stehen&nbsp;daher&nbsp;\u00f6kologische, rechtliche und versorgungssichernde Auswirkungen des Gesetzentwurfs&nbsp;der Staatsregierung&nbsp;\u2013 unter anderem&nbsp;zum&nbsp;Umgang mit Grund- und Tiefengrundwasser, dem&nbsp;nat\u00fcrlichen&nbsp;Hochwasserschutz, der&nbsp;Rolle der Wasser- und Bodenverb\u00e4nde, der fairen Gestaltung des Wasserentnahmeentgelts&nbsp;sowie der&nbsp;Frage, warum zentrale Empfehlungen der \u201eExpertenkommission Wasser\u201c im Entwurf der Staatsregierung kaum ber\u00fccksichtigt wurden.&nbsp;Zudem sollen L\u00fccken in der Datengrundlage gekl\u00e4rt werden: Bis heute gibt es keine fl\u00e4chendeckenden Messpflichten f\u00fcr Wasserentnahmen.&nbsp;<\/p>\n\n\n\n<p><strong>Christian Hierneis<\/strong>, Sprecher f\u00fcr Umwelt, sagt:&nbsp;<br>\u201eWasserpolitik braucht Zahlen statt Bauchgef\u00fchl. Uns fehlen verl\u00e4ssliche Daten dar\u00fcber, wie viel Wasser wo entnommen wird. Ohne Messpflichten k\u00f6nnen wir weder Grundwasserschutz noch Entnahmeentgelte wissenschaftlich sauber steuern. Genau diese L\u00fccken&nbsp;kann&nbsp;die Anh\u00f6rung offenlegen&nbsp;und&nbsp;damit&nbsp;Raum&nbsp;f\u00fcr Korrekturen schaffen.&nbsp;Und ein Wassercent mit&nbsp;zu vielen Ausnahmen,&nbsp;wo&nbsp;manche zahlen m\u00fcssen und manche nicht, macht&nbsp;keinen Sinn.&nbsp;Auch da erhoffen wir uns klare Aussagen in der Anh\u00f6rung.\u201c&nbsp;<\/p>\n\n\n\n<p>Auch die Auswirkungen auf Kommunen, Landwirtschaft und Daseinsvorsorge werden&nbsp;in der Sachverst\u00e4ndigenanh\u00f6rung&nbsp;analysiert.&nbsp;&nbsp;<\/p>\n\n\n\n<p><strong><em><u>Hinweise:<\/u><\/em><\/strong>&nbsp;<\/p>\n\n\n\n<p><em>Die Anh\u00f6rung kann \u00fcber den&nbsp;<strong>Livestream&nbsp;<\/strong>des Bayerischen Landtags verfolgt werden:&nbsp;<a rel=\"noreferrer noopener\" target=\"_blank\" href=\"https:\/\/deu01.safelinks.protection.outlook.com\/?url=https%3A%2F%2Fwww.youtube.com%2Fwatch%3Fv%3Dxfrek-I9wO8&amp;data=05%7C02%7CPatrycja.Talar%40gruene-fraktion-bayern.de%7Cd09a632e7aca40feb1a708de30d479c1%7C88c0773be5054c3bbe27fd91ba972f4e%7C0%7C0%7C639001886319654778%7CUnknown%7CTWFpbGZsb3d8eyJFbXB0eU1hcGkiOnRydWUsIlYiOiIwLjAuMDAwMCIsIlAiOiJXaW4zMiIsIkFOIjoiTWFpbCIsIldUIjoyfQ%3D%3D%7C0%7C%7C%7C&amp;sdata=QPhzTfH%2Bz5vOZeQWry1u1YF5goWCVEJxYrvYbc2SivM%3D&amp;reserved=0\">02.12. | Ausschuss f\u00fcr Umwelt und Verbraucherschutz | Bayerischer Landtag<\/a>&nbsp;<\/em><\/p>\n\n\n\n<p><em>Den&nbsp;<strong>Antrag zur Anh\u00f6rung<\/strong>&nbsp;finden Sie hier:&nbsp;<a rel=\"noreferrer noopener\" target=\"_blank\" href=\"https:\/\/deu01.safelinks.protection.outlook.com\/?url=https%3A%2F%2Fwww.bayern.landtag.de%2Fwww%2FElanTextAblage_WP19%2FDrucksachen%2FBasisdrucksachen%2F0000007000%2F0000007110.pdf&amp;data=05%7C02%7CPatrycja.Talar%40gruene-fraktion-bayern.de%7Cd09a632e7aca40feb1a708de30d479c1%7C88c0773be5054c3bbe27fd91ba972f4e%7C0%7C0%7C639001886319668868%7CUnknown%7CTWFpbGZsb3d8eyJFbXB0eU1hcGkiOnRydWUsIlYiOiIwLjAuMDAwMCIsIlAiOiJXaW4zMiIsIkFOIjoiTWFpbCIsIldUIjoyfQ%3D%3D%7C0%7C%7C%7C&amp;sdata=iCeJ2oGUlVIkhY0Eha9KXhsUjBFPbEHinukyFIOogTE%3D&amp;reserved=0\">Antrag Anh\u00f6rung zur Novelle Wassergesetz<\/a><\/em><\/p>\n\n\n\n<p><\/p>\n","protected":false},"excerpt":{"rendered":"<p>Anh\u00f6rung u. a. auf Initiative der Landtags-Gr\u00fcnen am Dienstag, 2. Dezember 2025, im Umweltausschuss M\u00fcnchen (01.12.2025)&nbsp;\u2013&nbsp;Wie gelingt ein Wassergesetz, das Bayerns Natur sch\u00fctzt und gleichzeitig eine sichere, gerechte Wasserversorgung f\u00fcr [&hellip;]<\/p>\n","protected":false},"author":-1,"featured_media":0,"comment_status":"closed","ping_status":"closed","sticky":false,"template":"","format":"standard","meta":{"footnotes":""},"categories":[3,40],"tags":[],"class_list":["post-3582","post","type-post","status-publish","format-standard","hentry","category-landtag","category-pressemitteilungen-corona"],"_links":{"self":[{"href":"https:\/\/patrick-friedl.de\/wps\/wp-json\/wp\/v2\/posts\/3582","targetHints":{"allow":["GET"]}}],"collection":[{"href":"https:\/\/patrick-friedl.de\/wps\/wp-json\/wp\/v2\/posts"}],"about":[{"href":"https:\/\/patrick-friedl.de\/wps\/wp-json\/wp\/v2\/types\/post"}],"author":[{"embeddable":true,"href":"https:\/\/patrick-friedl.de\/wps\/wp-json\/wp\/v2\/users\/8"}],"replies":[{"embeddable":true,"href":"https:\/\/patrick-friedl.de\/wps\/wp-json\/wp\/v2\/comments?post=3582"}],"version-history":[{"count":2,"href":"https:\/\/patrick-friedl.de\/wps\/wp-json\/wp\/v2\/posts\/3582\/revisions"}],"predecessor-version":[{"id":3584,"href":"https:\/\/patrick-friedl.de\/wps\/wp-json\/wp\/v2\/posts\/3582\/revisions\/3584"}],"wp:attachment":[{"href":"https:\/\/patrick-friedl.de\/wps\/wp-json\/wp\/v2\/media?parent=3582"}],"wp:term":[{"taxonomy":"category","embeddable":true,"href":"https:\/\/patrick-friedl.de\/wps\/wp-json\/wp\/v2\/categories?post=3582"},{"taxonomy":"post_tag","embeddable":true,"href":"https:\/\/patrick-friedl.de\/wps\/wp-json\/wp\/v2\/tags?post=3582"}],"curies":[{"name":"wp","href":"https:\/\/api.w.org\/{rel}","templated":true}]}}