{"id":3578,"date":"2025-12-01T12:00:50","date_gmt":"2025-12-01T12:00:50","guid":{"rendered":"https:\/\/patrick-friedl.de\/wps\/?p=3578"},"modified":"2025-12-01T12:00:51","modified_gmt":"2025-12-01T12:00:51","slug":"unser-wasser-in-gefahr-klimahotspot-unterfranken-wie-koennen-wir-unser-wasser-schuetzen","status":"publish","type":"post","link":"https:\/\/patrick-friedl.de\/wps\/2025\/12\/01\/unser-wasser-in-gefahr-klimahotspot-unterfranken-wie-koennen-wir-unser-wasser-schuetzen\/","title":{"rendered":"Unser Wasser in Gefahr &#8211; Klimahotspot Unterfranken: Wie k\u00f6nnen wir unser Wasser sch\u00fctzen?"},"content":{"rendered":"\n<p>Gr\u00fcne W\u00fcrzburg laden Sie ein zu:<\/p>\n\n\n\n<p><strong>Expert*innengespr\u00e4ch am Sonntag, 7. Dezember 2025, um 19:00 Uhr im MOZ<\/strong><br><em>(Einlass ab 18:30 Uhr)<\/em><\/p>\n\n\n\n<p>Wasser ist unsere wichtigste Lebensgrundlage \u2013 und zugleich im Klimahotspot Unterfranken zunehmend bedroht. Langanhaltende Trockenperioden, sinkende Grundwasserspiegel und steigender Nutzungsdruck stellen unsere Region vor gro\u00dfe Herausforderungen. Zugleich h\u00e4ngt die Erweiterung des Wasserschutzgebiet zum Schutz der wichtigsten Trinkwasserversorgung von W\u00fcrzburg und vieler Orte im westlichen Landkreis in einer Dauerwarteschleife \u2013 w\u00e4hrend dieses Trinkwassereinzugsgebiet bedroht wird durch fortgeschrittene Pl\u00e4ne f\u00fcr das gr\u00f6\u00dfte deutsche Gipsbergwerk unmittelbar unter dem f\u00fcr uns wichtigsten Grundwasserleiter.<\/p>\n\n\n\n<p>Wie k\u00f6nnen wir unser Wasser sch\u00fctzen? Wo m\u00fcssen Politik, Landwirtschaft und Gesellschaft jetzt handeln?<\/p>\n\n\n\n<p>Diesen Fragen widmen wir uns im Expert*innengespr\u00e4ch&nbsp;<strong>\u201eUnser Wasser in Gefahr\u201c<\/strong>.<\/p>\n\n\n\n<p><strong>Mit dabei:<\/strong><\/p>\n\n\n\n<ul class=\"wp-block-list\">\n<li><strong>Dr. Sandra Vorlov\u00e1<\/strong>, 2. B\u00fcrgermeisterin<\/li>\n\n\n\n<li><strong>Patrick Friedl<\/strong>, Landtagsabgeordneter<\/li>\n\n\n\n<li><strong>Andrea Angenvoort<\/strong>, Wasser am Limit<\/li>\n\n\n\n<li><strong>Edith Sachse<\/strong>, Landwirtin, ABL<\/li>\n\n\n\n<li><strong>Alfred Lanfervo\u00df<\/strong>, Wasser-Experte<\/li>\n<\/ul>\n\n\n\n<p><strong>Moderation:<\/strong>&nbsp;Molina Klingler (Stadtr\u00e4tin)<br><strong>Gru\u00dfwort:<\/strong>&nbsp;Sven Winzenh\u00f6rlein (Kreisrat)<\/p>\n\n\n\n<p>Gemeinsam wollen wir diskutieren, was jetzt notwendig ist, damit Wasser auch in Zukunft f\u00fcr alle verf\u00fcgbar bleibt.<\/p>\n\n\n\n<p>Wir laden herzlich ein \u2013 kommen Sie vorbei, bringen Sie Ihre Fragen mit und werden Sie Teil des Dialogs!<\/p>\n","protected":false},"excerpt":{"rendered":"<p>Gr\u00fcne W\u00fcrzburg laden Sie ein zu: Expert*innengespr\u00e4ch am Sonntag, 7. Dezember 2025, um 19:00 Uhr im MOZ(Einlass ab 18:30 Uhr) Wasser ist unsere wichtigste Lebensgrundlage \u2013 und zugleich im Klimahotspot [&hellip;]<\/p>\n","protected":false},"author":-1,"featured_media":0,"comment_status":"closed","ping_status":"closed","sticky":false,"template":"","format":"standard","meta":{"footnotes":""},"categories":[23,18,19,4],"tags":[],"class_list":["post-3578","post","type-post","status-publish","format-standard","hentry","category-gruene","category-landtagsabgeordneter","category-wuerzburg-landtagsabgeordneter","category-wuerzburg"],"_links":{"self":[{"href":"https:\/\/patrick-friedl.de\/wps\/wp-json\/wp\/v2\/posts\/3578","targetHints":{"allow":["GET"]}}],"collection":[{"href":"https:\/\/patrick-friedl.de\/wps\/wp-json\/wp\/v2\/posts"}],"about":[{"href":"https:\/\/patrick-friedl.de\/wps\/wp-json\/wp\/v2\/types\/post"}],"author":[{"embeddable":true,"href":"https:\/\/patrick-friedl.de\/wps\/wp-json\/wp\/v2\/users\/8"}],"replies":[{"embeddable":true,"href":"https:\/\/patrick-friedl.de\/wps\/wp-json\/wp\/v2\/comments?post=3578"}],"version-history":[{"count":1,"href":"https:\/\/patrick-friedl.de\/wps\/wp-json\/wp\/v2\/posts\/3578\/revisions"}],"predecessor-version":[{"id":3580,"href":"https:\/\/patrick-friedl.de\/wps\/wp-json\/wp\/v2\/posts\/3578\/revisions\/3580"}],"wp:attachment":[{"href":"https:\/\/patrick-friedl.de\/wps\/wp-json\/wp\/v2\/media?parent=3578"}],"wp:term":[{"taxonomy":"category","embeddable":true,"href":"https:\/\/patrick-friedl.de\/wps\/wp-json\/wp\/v2\/categories?post=3578"},{"taxonomy":"post_tag","embeddable":true,"href":"https:\/\/patrick-friedl.de\/wps\/wp-json\/wp\/v2\/tags?post=3578"}],"curies":[{"name":"wp","href":"https:\/\/api.w.org\/{rel}","templated":true}]}}