{"id":353,"date":"2020-04-17T16:35:35","date_gmt":"2020-04-17T15:35:35","guid":{"rendered":"https:\/\/patrick-friedl.de\/wps\/2021\/06\/17\/schriftliche-anfrage-recycling-von-lithium-ionen-akkus\/"},"modified":"2025-06-03T14:25:41","modified_gmt":"2025-06-03T13:25:41","slug":"schriftliche-anfrage-recycling-von-lithium-ionen-akkus","status":"publish","type":"post","link":"https:\/\/patrick-friedl.de\/wps\/2020\/04\/17\/schriftliche-anfrage-recycling-von-lithium-ionen-akkus\/","title":{"rendered":"Schriftliche Anfrage: Recycling von Lithium-Ionen-Akkus"},"content":{"rendered":"<p><span id=\"page226R_mcid6\" class=\"markedContent\"><span dir=\"ltr\" style=\"left: 126.786px; top: 301.743px; font-size: 11.9272px; font-family: sans-serif; transform: scaleX(0.966833);\">Lithium-Ionen-Akkus sind mittlerweile in vielen Produkten verbaut, angefangen bei <\/span><\/span><span id=\"page226R_mcid7\" class=\"markedContent\"><span dir=\"ltr\" style=\"left: 126.786px; top: 314.863px; font-size: 11.9272px; font-family: sans-serif; transform: scaleX(0.947844);\">Smartphones und Tablets \u00fcber Gartenger\u00e4te bis hin zu singenden Gru\u00dfkarten und <\/span><\/span><span id=\"page226R_mcid8\" class=\"markedContent\"><span dir=\"ltr\" style=\"left: 126.786px; top: 327.983px; font-size: 11.9272px; font-family: sans-serif; transform: scaleX(0.972569);\">blinkenden Turnschuhen. Da die Lebensdauer auch dieser Akkus begrenzt ist, landen <\/span><\/span><span id=\"page226R_mcid9\" class=\"markedContent\"><span dir=\"ltr\" style=\"left: 126.786px; top: 341.103px; font-size: 11.9272px; font-family: sans-serif; transform: scaleX(0.973143);\">sie im besten Fall fr\u00fcher oder sp\u00e4ter auf dem Wertstoffhof.<\/span><\/span><span id=\"page226R_mcid10\" class=\"markedContent\"><span dir=\"ltr\" style=\"left: 126.786px; top: 354.223px; font-size: 11.9272px; font-family: sans-serif; transform: scaleX(0.961048);\">Lithium-Ionen-Akkus enthalten wertvolle Ressourcen, beispielsweise Kobalt, Nickel <\/span><\/span><span id=\"page226R_mcid11\" class=\"markedContent\"><span dir=\"ltr\" style=\"left: 126.786px; top: 367.343px; font-size: 11.9272px; font-family: sans-serif; transform: scaleX(0.96296);\">und Mangan. Insbesondere Kobalt und Nickel z\u00e4hlen zu den knappen und teuren <\/span><\/span><span id=\"page226R_mcid12\" class=\"markedContent\"><span dir=\"ltr\" style=\"left: 126.786px; top: 380.463px; font-size: 11.9272px; font-family: sans-serif; transform: scaleX(0.988592);\">Metallen, deren Abbau au\u00dferdem mit hohen Umweltbelastungen verbunden ist. Eine <\/span><\/span><span id=\"page226R_mcid13\" class=\"markedContent\"><span dir=\"ltr\" style=\"left: 126.786px; top: 393.583px; font-size: 11.9272px; font-family: sans-serif; transform: scaleX(0.960991);\">Wiederverwertung dieser knappen Ressourcen w\u00e4re also aus verschiedenen Gr\u00fcnden <\/span><\/span><span id=\"page226R_mcid14\" class=\"markedContent\"><span dir=\"ltr\" style=\"left: 126.786px; top: 406.703px; font-size: 11.9272px; font-family: sans-serif; transform: scaleX(0.959234);\">w\u00fcnschenswert.<\/span><\/span><\/p>\n<p><span class=\"markedContent\">Hierzu befragten Rosi Steinberger, Christian Hierneis und ich die Staatsregierung. Die Anfrage und die Antwort der Staatsregierung finden Sie <a href=\"http:\/\/www1.bayern.landtag.de\/www\/ElanTextAblage_WP18\/Drucksachen\/Schriftliche%20Anfragen\/18_0007367.pdf\" target=\"_blank\" rel=\"noopener noreferrer\">hier<\/a>. <\/span><\/p>\n","protected":false},"excerpt":{"rendered":"<p>Lithium-Ionen-Akkus sind mittlerweile in vielen Produkten verbaut, angefangen bei Smartphones und Tablets \u00fcber Gartenger\u00e4te bis hin zu singenden Gru\u00dfkarten und blinkenden Turnschuhen. Da die Lebensdauer auch dieser Akkus begrenzt ist, [&hellip;]<\/p>\n","protected":false},"author":-1,"featured_media":0,"comment_status":"closed","ping_status":"closed","sticky":false,"template":"","format":"standard","meta":{"footnotes":""},"categories":[45,77,83],"tags":[],"class_list":["post-353","post","type-post","status-publish","format-standard","hentry","category-anfragen-im-landtag-2","category-schriftliche-anfragen","category-staatliches-handeln-verwaltung-san"],"_links":{"self":[{"href":"https:\/\/patrick-friedl.de\/wps\/wp-json\/wp\/v2\/posts\/353","targetHints":{"allow":["GET"]}}],"collection":[{"href":"https:\/\/patrick-friedl.de\/wps\/wp-json\/wp\/v2\/posts"}],"about":[{"href":"https:\/\/patrick-friedl.de\/wps\/wp-json\/wp\/v2\/types\/post"}],"author":[{"embeddable":true,"href":"https:\/\/patrick-friedl.de\/wps\/wp-json\/wp\/v2\/users\/8"}],"replies":[{"embeddable":true,"href":"https:\/\/patrick-friedl.de\/wps\/wp-json\/wp\/v2\/comments?post=353"}],"version-history":[{"count":1,"href":"https:\/\/patrick-friedl.de\/wps\/wp-json\/wp\/v2\/posts\/353\/revisions"}],"predecessor-version":[{"id":1866,"href":"https:\/\/patrick-friedl.de\/wps\/wp-json\/wp\/v2\/posts\/353\/revisions\/1866"}],"wp:attachment":[{"href":"https:\/\/patrick-friedl.de\/wps\/wp-json\/wp\/v2\/media?parent=353"}],"wp:term":[{"taxonomy":"category","embeddable":true,"href":"https:\/\/patrick-friedl.de\/wps\/wp-json\/wp\/v2\/categories?post=353"},{"taxonomy":"post_tag","embeddable":true,"href":"https:\/\/patrick-friedl.de\/wps\/wp-json\/wp\/v2\/tags?post=353"}],"curies":[{"name":"wp","href":"https:\/\/api.w.org\/{rel}","templated":true}]}}