{"id":352,"date":"2020-04-17T16:33:09","date_gmt":"2020-04-17T15:33:09","guid":{"rendered":"https:\/\/patrick-friedl.de\/wps\/2021\/06\/17\/schriftliche-anfrage-zustand-der-geschuetzten-flachland-maehwiesen-in-bayern\/"},"modified":"2025-06-03T14:24:49","modified_gmt":"2025-06-03T13:24:49","slug":"schriftliche-anfrage-zustand-der-geschuetzten-flachland-maehwiesen-in-bayern","status":"publish","type":"post","link":"https:\/\/patrick-friedl.de\/wps\/2020\/04\/17\/schriftliche-anfrage-zustand-der-geschuetzten-flachland-maehwiesen-in-bayern\/","title":{"rendered":"Schriftliche Anfrage: Zustand der gesch\u00fctzten Flachland-M\u00e4hwiesen in Bayern"},"content":{"rendered":"<p><span id=\"page931R_mcid5\"><span dir=\"ltr\">Flachland-M\u00e4hwiesen sind typische Lebensr\u00e4ume der Kulturlandschaft, die durch die <\/span><\/span><span id=\"page931R_mcid6\"><span dir=\"ltr\">menschliche Nutzung gepr\u00e4gt wurden. Sie stellen ungemein artenreiche Biotope dar <\/span><\/span><span id=\"page931R_mcid7\"><span dir=\"ltr\">und sind damit f\u00fcr Insekten und alle in ihrer Ern\u00e4hrung von Insekten abh\u00e4ngigen S\u00e4u<\/span><\/span><span id=\"page931R_mcid8\"><\/span><span id=\"page931R_mcid9\"><span dir=\"ltr\">ger und Vogelarten \u00e4u\u00dferst wichtige Lebensr\u00e4ume. Deshalb wurden sie unter europa<\/span><\/span><span id=\"page931R_mcid10\"><\/span><span id=\"page931R_mcid11\"><span dir=\"ltr\">weiten Schutz im Rahmen der Fauna-Flora-Habitat(FFH)-Richtlinie gestellt. Sie sind <\/span><\/span><span id=\"page931R_mcid12\"><span dir=\"ltr\">jedoch in den letzten Jahren durch Aufd\u00fcngung, Nutzungsintensivierung und Umbruch <\/span><\/span><span id=\"page931R_mcid13\"><span dir=\"ltr\">sehr stark zur\u00fcckgegangen. Dem wurde k\u00fcrzlich auch durch die Aufnahme der Mageren <\/span><\/span><span id=\"page931R_mcid14\"><span dir=\"ltr\">Flachland-M\u00e4hwiesen als gesetzlich gesch\u00fctzte Biotope im Bayerischen Naturschutz<\/span><\/span><span id=\"page931R_mcid15\"><\/span><span id=\"page931R_mcid16\"><span dir=\"ltr\">gesetz (BayNatSchG) Rechnung getragen. Bisher ist es in Bayern nicht gelungen, den <\/span><\/span><span id=\"page931R_mcid17\"><span dir=\"ltr\">R\u00fcckgang und die Verschlechterung dieses wichtigen Lebensraumes aufzuhalten, wie <\/span><\/span><span id=\"page931R_mcid18\"><span dir=\"ltr\">auch die Daten des aktuellen FFH-Monitoringberichtes zeigen. Die Erhaltung repr\u00e4<\/span><\/span><span id=\"page931R_mcid19\"><\/span><span id=\"page931R_mcid20\"><span dir=\"ltr\">sentativer Vorkommen im Netz NATURA 2000 ist deshalb ein unverzichtbarer Beitrag <\/span><\/span><span id=\"page931R_mcid21\"><span dir=\"ltr\">zur Bewahrung des europ\u00e4ischen Naturerbes. <br \/><\/span><\/span><\/p>\n<p><span dir=\"ltr\">Christian Hierneis und ich befragten vor diesem Hintergrund die Staatsregierung. Sie finden die Anfrage und die Antwort der Staatsregierung <a href=\"http:\/\/www1.bayern.landtag.de\/www\/ElanTextAblage_WP18\/Drucksachen\/Schriftliche%20Anfragen\/18_0007358.pdf\" target=\"_blank\" rel=\"noopener noreferrer\">hier<\/a>. <\/span><\/p>\n","protected":false},"excerpt":{"rendered":"<p>Flachland-M\u00e4hwiesen sind typische Lebensr\u00e4ume der Kulturlandschaft, die durch die menschliche Nutzung gepr\u00e4gt wurden. Sie stellen ungemein artenreiche Biotope dar und sind damit f\u00fcr Insekten und alle in ihrer Ern\u00e4hrung von [&hellip;]<\/p>\n","protected":false},"author":-1,"featured_media":0,"comment_status":"closed","ping_status":"closed","sticky":false,"template":"","format":"standard","meta":{"footnotes":""},"categories":[82,45,77],"tags":[],"class_list":["post-352","post","type-post","status-publish","format-standard","hentry","category-landwirtschaft-flaechennutzung-san","category-anfragen-im-landtag-2","category-schriftliche-anfragen"],"_links":{"self":[{"href":"https:\/\/patrick-friedl.de\/wps\/wp-json\/wp\/v2\/posts\/352","targetHints":{"allow":["GET"]}}],"collection":[{"href":"https:\/\/patrick-friedl.de\/wps\/wp-json\/wp\/v2\/posts"}],"about":[{"href":"https:\/\/patrick-friedl.de\/wps\/wp-json\/wp\/v2\/types\/post"}],"author":[{"embeddable":true,"href":"https:\/\/patrick-friedl.de\/wps\/wp-json\/wp\/v2\/users\/8"}],"replies":[{"embeddable":true,"href":"https:\/\/patrick-friedl.de\/wps\/wp-json\/wp\/v2\/comments?post=352"}],"version-history":[{"count":1,"href":"https:\/\/patrick-friedl.de\/wps\/wp-json\/wp\/v2\/posts\/352\/revisions"}],"predecessor-version":[{"id":1865,"href":"https:\/\/patrick-friedl.de\/wps\/wp-json\/wp\/v2\/posts\/352\/revisions\/1865"}],"wp:attachment":[{"href":"https:\/\/patrick-friedl.de\/wps\/wp-json\/wp\/v2\/media?parent=352"}],"wp:term":[{"taxonomy":"category","embeddable":true,"href":"https:\/\/patrick-friedl.de\/wps\/wp-json\/wp\/v2\/categories?post=352"},{"taxonomy":"post_tag","embeddable":true,"href":"https:\/\/patrick-friedl.de\/wps\/wp-json\/wp\/v2\/tags?post=352"}],"curies":[{"name":"wp","href":"https:\/\/api.w.org\/{rel}","templated":true}]}}