{"id":350,"date":"2020-05-19T16:24:05","date_gmt":"2020-05-19T15:24:05","guid":{"rendered":"https:\/\/patrick-friedl.de\/wps\/2021\/06\/17\/schriftliche-anfrage-renovierungsbedarf-der-mainfaehre-stadtprozelten-mondfeld\/"},"modified":"2025-06-03T14:25:41","modified_gmt":"2025-06-03T13:25:41","slug":"schriftliche-anfrage-renovierungsbedarf-der-mainfaehre-stadtprozelten-mondfeld","status":"publish","type":"post","link":"https:\/\/patrick-friedl.de\/wps\/2020\/05\/19\/schriftliche-anfrage-renovierungsbedarf-der-mainfaehre-stadtprozelten-mondfeld\/","title":{"rendered":"Schriftliche Anfrage: Renovierungsbedarf der Mainf\u00e4hre Stadtprozelten-Mondfeld"},"content":{"rendered":"<p><span id=\"page99R_mcid7\"><span dir=\"ltr\">Die Mainf\u00e4hre verbindet die unterfr\u00e4nkische Stadt Stadtprozelten mit Mondfeld, einem <\/span><\/span><span id=\"page99R_mcid8\"><span dir=\"ltr\">Ortsteil der baden-w\u00fcrttembergischen Stadt Wertheim. In der N\u00e4he gibt es keine ande<\/span><\/span><span id=\"page99R_mcid9\"><\/span><span id=\"page99R_mcid10\"><span dir=\"ltr\">re Querungsm\u00f6glichkeit (Wertheim\/Freudenberg sind die n\u00e4chsten Br\u00fccken), die regel<\/span><\/span><span id=\"page99R_mcid11\"><\/span><span id=\"page99R_mcid12\"><span dir=\"ltr\">m\u00e4\u00dfig den Main und damit die Grenze der beiden Bundesl\u00e4nder \u00fcberquert. Damit hat <\/span><\/span><span id=\"page99R_mcid13\"><span dir=\"ltr\">sie einen ebenso praktischen wie traditionellen Wert. Nun sind teure Renovierungs<\/span><\/span><span id=\"page99R_mcid14\"><\/span><span id=\"page99R_mcid15\"><span dir=\"ltr\">ma\u00dfnahmen an der Mainf\u00e4hre n\u00f6tig. Neben diversen Kleinarbeiten soll vor allem der <\/span><\/span><span id=\"page99R_mcid16\"><span dir=\"ltr\">Motor \u00fcberholt werden. Allein die Kosten f\u00fcr die Werftarbeiten und f\u00fcr eine Rampe <\/span><\/span><span id=\"page99R_mcid17\"><span dir=\"ltr\">liegen \u2013 den in Mondfeld ans\u00e4ssigen privaten Betreibern zufolge \u2013 im f\u00fcnfstelligen Be<\/span><\/span><span id=\"page99R_mcid18\"><\/span><span id=\"page99R_mcid19\"><span dir=\"ltr\">reich. Die alternative Anschaffung eines neuen Motors sei noch viel teurer. Betr\u00e4ge <\/span><\/span><span id=\"page99R_mcid20\"><span dir=\"ltr\">dieser Gr\u00f6\u00dfenordnung sind f\u00fcr die Betreiber nicht finanzierbar. <br \/><\/span><\/span><\/p>\n<p><span dir=\"ltr\">Gemeinsam mit Kerstin Celina und Paul Knoblauch befragte ich hierzu die Staatsregierung. Sie finden die Anfrage und Antwort der Staatsregierung <a href=\"http:\/\/www1.bayern.landtag.de\/www\/ElanTextAblage_WP18\/Drucksachen\/Schriftliche%20Anfragen\/18_0007975.pdf\" target=\"_blank\" rel=\"noopener noreferrer\">hier<\/a>. <\/span><\/p>\n","protected":false},"excerpt":{"rendered":"<p>Die Mainf\u00e4hre verbindet die unterfr\u00e4nkische Stadt Stadtprozelten mit Mondfeld, einem Ortsteil der baden-w\u00fcrttembergischen Stadt Wertheim. In der N\u00e4he gibt es keine andere Querungsm\u00f6glichkeit (Wertheim\/Freudenberg sind die n\u00e4chsten Br\u00fccken), die regelm\u00e4\u00dfig [&hellip;]<\/p>\n","protected":false},"author":-1,"featured_media":0,"comment_status":"closed","ping_status":"closed","sticky":false,"template":"","format":"standard","meta":{"footnotes":""},"categories":[45,77,83,80],"tags":[],"class_list":["post-350","post","type-post","status-publish","format-standard","hentry","category-anfragen-im-landtag-2","category-schriftliche-anfragen","category-staatliches-handeln-verwaltung-san","category-wasser-gewaesser-san"],"_links":{"self":[{"href":"https:\/\/patrick-friedl.de\/wps\/wp-json\/wp\/v2\/posts\/350","targetHints":{"allow":["GET"]}}],"collection":[{"href":"https:\/\/patrick-friedl.de\/wps\/wp-json\/wp\/v2\/posts"}],"about":[{"href":"https:\/\/patrick-friedl.de\/wps\/wp-json\/wp\/v2\/types\/post"}],"author":[{"embeddable":true,"href":"https:\/\/patrick-friedl.de\/wps\/wp-json\/wp\/v2\/users\/8"}],"replies":[{"embeddable":true,"href":"https:\/\/patrick-friedl.de\/wps\/wp-json\/wp\/v2\/comments?post=350"}],"version-history":[{"count":1,"href":"https:\/\/patrick-friedl.de\/wps\/wp-json\/wp\/v2\/posts\/350\/revisions"}],"predecessor-version":[{"id":1863,"href":"https:\/\/patrick-friedl.de\/wps\/wp-json\/wp\/v2\/posts\/350\/revisions\/1863"}],"wp:attachment":[{"href":"https:\/\/patrick-friedl.de\/wps\/wp-json\/wp\/v2\/media?parent=350"}],"wp:term":[{"taxonomy":"category","embeddable":true,"href":"https:\/\/patrick-friedl.de\/wps\/wp-json\/wp\/v2\/categories?post=350"},{"taxonomy":"post_tag","embeddable":true,"href":"https:\/\/patrick-friedl.de\/wps\/wp-json\/wp\/v2\/tags?post=350"}],"curies":[{"name":"wp","href":"https:\/\/api.w.org\/{rel}","templated":true}]}}