{"id":347,"date":"2020-05-06T15:55:31","date_gmt":"2020-05-06T14:55:31","guid":{"rendered":"https:\/\/patrick-friedl.de\/wps\/2021\/06\/17\/schriftliche-anfrage-biotopverbundflaechen-in-bayern\/"},"modified":"2025-06-03T14:26:46","modified_gmt":"2025-06-03T13:26:46","slug":"schriftliche-anfrage-biotopverbundflaechen-in-bayern","status":"publish","type":"post","link":"https:\/\/patrick-friedl.de\/wps\/2020\/05\/06\/schriftliche-anfrage-biotopverbundflaechen-in-bayern\/","title":{"rendered":"Schriftliche Anfrage: Biotopverbundfl\u00e4chen in Bayern"},"content":{"rendered":"<p><span id=\"page458R_mcid6\"><span dir=\"ltr\">Das bayerische Arten- und Biotopschutzprogramm (ABSP) <\/span><span dir=\"ltr\">soll die fachliche Grundlage <\/span><\/span><span id=\"page458R_mcid7\"><span dir=\"ltr\">f\u00fcr die Auswahl der Bestandteile des Biotopverbundes f\u00fcr die einzelnen Landkreise <\/span><\/span><span id=\"page458R_mcid8\"><span dir=\"ltr\">bzw. St\u00e4dte Bayerns formulieren. Dort sind Vorschl\u00e4ge f\u00fcr die Biotopverbundachsen <\/span><\/span><span id=\"page458R_mcid9\"><span dir=\"ltr\">hinterlegt. Mit dem landesweiten Biotopverbund (BayernNetz Natur) wird versucht, mit <\/span><\/span><span id=\"page458R_mcid10\"><span dir=\"ltr\">Projekten die Umsetzung des Arten- und Biotopschutzprogramms voranzubringen. Lei<\/span><\/span><span id=\"page458R_mcid11\"><\/span><span id=\"page458R_mcid12\"><span dir=\"ltr\">der sind viele ABSP-B\u00e4nde inzwischen veraltet (bei 13 Landkreisen und 19 St\u00e4dten <\/span><\/span><span id=\"page458R_mcid13\"><span dir=\"ltr\">liegt das Alter \u00fcber 20 Jahre) und spiegeln nicht mehr den aktuellen Stand.<\/span><span dir=\"ltr\">Auch das <\/span><\/span><span id=\"page458R_mcid14\"><span dir=\"ltr\">BayernNetzNatur-Programm ist inzwischen ins Stocken gekommen. <\/span><\/span><span id=\"page458R_mcid14\" class=\"markedContent\"><span dir=\"ltr\" style=\"left: 126.786px; top: 393.583px; font-size: 11.9272px; font-family: sans-serif; transform: scaleX(0.966524);\"><br \/><\/span><\/span><\/p>\n<p><span dir=\"ltr\">Ludwig Hartmann, Christian Hierneis, Rosi Steinberger und ich befragten hierzu die Staatsregierung. Die Anfrage und Antwort der Staatsregierung finden Sie <a href=\"http:\/\/www1.bayern.landtag.de\/www\/ElanTextAblage_WP18\/Drucksachen\/Schriftliche%20Anfragen\/18_0007789.pdf\" target=\"_blank\" rel=\"noopener noreferrer\">hier<\/a>. <\/span><\/p>\n","protected":false},"excerpt":{"rendered":"<p>Das bayerische Arten- und Biotopschutzprogramm (ABSP) soll die fachliche Grundlage f\u00fcr die Auswahl der Bestandteile des Biotopverbundes f\u00fcr die einzelnen Landkreise bzw. St\u00e4dte Bayerns formulieren. Dort sind Vorschl\u00e4ge f\u00fcr die [&hellip;]<\/p>\n","protected":false},"author":-1,"featured_media":0,"comment_status":"closed","ping_status":"closed","sticky":false,"template":"","format":"standard","meta":{"footnotes":""},"categories":[81,82,45,77],"tags":[],"class_list":["post-347","post","type-post","status-publish","format-standard","hentry","category-klimaschutz-klimaanpassungen-san","category-landwirtschaft-flaechennutzung-san","category-anfragen-im-landtag-2","category-schriftliche-anfragen"],"_links":{"self":[{"href":"https:\/\/patrick-friedl.de\/wps\/wp-json\/wp\/v2\/posts\/347","targetHints":{"allow":["GET"]}}],"collection":[{"href":"https:\/\/patrick-friedl.de\/wps\/wp-json\/wp\/v2\/posts"}],"about":[{"href":"https:\/\/patrick-friedl.de\/wps\/wp-json\/wp\/v2\/types\/post"}],"author":[{"embeddable":true,"href":"https:\/\/patrick-friedl.de\/wps\/wp-json\/wp\/v2\/users\/8"}],"replies":[{"embeddable":true,"href":"https:\/\/patrick-friedl.de\/wps\/wp-json\/wp\/v2\/comments?post=347"}],"version-history":[{"count":1,"href":"https:\/\/patrick-friedl.de\/wps\/wp-json\/wp\/v2\/posts\/347\/revisions"}],"predecessor-version":[{"id":1860,"href":"https:\/\/patrick-friedl.de\/wps\/wp-json\/wp\/v2\/posts\/347\/revisions\/1860"}],"wp:attachment":[{"href":"https:\/\/patrick-friedl.de\/wps\/wp-json\/wp\/v2\/media?parent=347"}],"wp:term":[{"taxonomy":"category","embeddable":true,"href":"https:\/\/patrick-friedl.de\/wps\/wp-json\/wp\/v2\/categories?post=347"},{"taxonomy":"post_tag","embeddable":true,"href":"https:\/\/patrick-friedl.de\/wps\/wp-json\/wp\/v2\/tags?post=347"}],"curies":[{"name":"wp","href":"https:\/\/api.w.org\/{rel}","templated":true}]}}