{"id":346,"date":"2021-05-27T15:51:49","date_gmt":"2021-05-27T14:51:49","guid":{"rendered":"https:\/\/patrick-friedl.de\/wps\/2021\/06\/17\/schriftliche-anfrage-gewaesserschutz-im-kulturlandschaftsprogramm\/"},"modified":"2025-06-03T14:11:31","modified_gmt":"2025-06-03T13:11:31","slug":"schriftliche-anfrage-gewaesserschutz-im-kulturlandschaftsprogramm","status":"publish","type":"post","link":"https:\/\/patrick-friedl.de\/wps\/2021\/05\/27\/schriftliche-anfrage-gewaesserschutz-im-kulturlandschaftsprogramm\/","title":{"rendered":"Schriftliche Anfrage: Gew\u00e4sserschutz im Kulturlandschaftsprogramm"},"content":{"rendered":"<p><span id=\"page129R_mcid6\"><span dir=\"ltr\">Gew\u00e4sserrandstreifen wirken als Puffer gegen\u00fcber intensiv landwirtschaftlich genutz<\/span><\/span><span id=\"page129R_mcid7\"><span dir=\"ltr\">\u00ad<\/span><\/span><span id=\"page129R_mcid8\"><span dir=\"ltr\">ten Fl\u00e4chen und vermeiden dadurch den Eintrag von Schadstoffen in Gew\u00e4sser. Sie <\/span><\/span><span id=\"page129R_mcid9\"><span dir=\"ltr\">dienen damit zur Umsetzung der Europ\u00e4ischen Wasserrahmenrichtlinie und schaffen <\/span><\/span><span id=\"page129R_mcid10\"><span dir=\"ltr\">die Grundlage f\u00fcr ein Biotopverbundnetz entlang der B\u00e4che und Fl\u00fcsse.<\/span><\/span><\/p>\n<p><span dir=\"ltr\">Dazu befragten meine Kolleg*innen Ludwig Hartmann, Christian Hierneis, Rosi Steinberger und ich die Staatsregierung. Die Anfrage und Antwort der Staatsregierung finden Sie <a href=\"http:\/\/www1.bayern.landtag.de\/www\/ElanTextAblage_WP18\/Drucksachen\/Schriftliche%20Anfragen\/18_0007836.pdf\" target=\"_blank\" rel=\"noopener noreferrer\">hier.<\/a> <\/span><\/p>\n","protected":false},"excerpt":{"rendered":"<p>Gew\u00e4sserrandstreifen wirken als Puffer gegen\u00fcber intensiv landwirtschaftlich genutz\u00adten Fl\u00e4chen und vermeiden dadurch den Eintrag von Schadstoffen in Gew\u00e4sser. Sie dienen damit zur Umsetzung der Europ\u00e4ischen Wasserrahmenrichtlinie und schaffen die Grundlage [&hellip;]<\/p>\n","protected":false},"author":-1,"featured_media":0,"comment_status":"closed","ping_status":"closed","sticky":false,"template":"","format":"standard","meta":{"footnotes":""},"categories":[45,77,83,80],"tags":[],"class_list":["post-346","post","type-post","status-publish","format-standard","hentry","category-anfragen-im-landtag-2","category-schriftliche-anfragen","category-staatliches-handeln-verwaltung-san","category-wasser-gewaesser-san"],"_links":{"self":[{"href":"https:\/\/patrick-friedl.de\/wps\/wp-json\/wp\/v2\/posts\/346","targetHints":{"allow":["GET"]}}],"collection":[{"href":"https:\/\/patrick-friedl.de\/wps\/wp-json\/wp\/v2\/posts"}],"about":[{"href":"https:\/\/patrick-friedl.de\/wps\/wp-json\/wp\/v2\/types\/post"}],"author":[{"embeddable":true,"href":"https:\/\/patrick-friedl.de\/wps\/wp-json\/wp\/v2\/users\/8"}],"replies":[{"embeddable":true,"href":"https:\/\/patrick-friedl.de\/wps\/wp-json\/wp\/v2\/comments?post=346"}],"version-history":[{"count":1,"href":"https:\/\/patrick-friedl.de\/wps\/wp-json\/wp\/v2\/posts\/346\/revisions"}],"predecessor-version":[{"id":1859,"href":"https:\/\/patrick-friedl.de\/wps\/wp-json\/wp\/v2\/posts\/346\/revisions\/1859"}],"wp:attachment":[{"href":"https:\/\/patrick-friedl.de\/wps\/wp-json\/wp\/v2\/media?parent=346"}],"wp:term":[{"taxonomy":"category","embeddable":true,"href":"https:\/\/patrick-friedl.de\/wps\/wp-json\/wp\/v2\/categories?post=346"},{"taxonomy":"post_tag","embeddable":true,"href":"https:\/\/patrick-friedl.de\/wps\/wp-json\/wp\/v2\/tags?post=346"}],"curies":[{"name":"wp","href":"https:\/\/api.w.org\/{rel}","templated":true}]}}