{"id":344,"date":"2020-06-02T15:12:26","date_gmt":"2020-06-02T14:12:26","guid":{"rendered":"https:\/\/patrick-friedl.de\/wps\/2021\/06\/17\/schriftliche-anfrage-umsetzung-der-gesundheitshinweise-zur-praevention-hitzebedingter-gesundheitsschaeden-der-weltgesundheitsorganisation\/"},"modified":"2025-06-03T14:25:41","modified_gmt":"2025-06-03T13:25:41","slug":"schriftliche-anfrage-umsetzung-der-gesundheitshinweise-zur-praevention-hitzebedingter-gesundheitsschaeden-der-weltgesundheitsorganisation","status":"publish","type":"post","link":"https:\/\/patrick-friedl.de\/wps\/2020\/06\/02\/schriftliche-anfrage-umsetzung-der-gesundheitshinweise-zur-praevention-hitzebedingter-gesundheitsschaeden-der-weltgesundheitsorganisation\/","title":{"rendered":"Schriftliche Anfrage: Umsetzung der \u201eGesundheitshinweise zur Pr\u00e4vention hitzebedingter Gesundheitssch\u00e4den\u201c der Weltgesundheitsorganisation"},"content":{"rendered":"<p><span id=\"page506R_mcid9\"><span dir=\"ltr\">Auf Anregung des Staatsministeriums f\u00fcr Gesundheit und Pflege wurde der Public <\/span><\/span><span id=\"page506R_mcid10\"><span dir=\"ltr\">Health Advice des Regionalb\u00fcros f\u00fcr Europa der Weltgesundheitsorganisation (WHO) <\/span><\/span><span id=\"page506R_mcid11\"><span dir=\"ltr\">\u201eOn Preventing Health Effects of Heat\u201c durch das Bundesministerium f\u00fcr Umwelt, Na<\/span><\/span><span id=\"page506R_mcid12\"><span dir=\"ltr\">\u00ad<\/span><\/span><span id=\"page506R_mcid13\"><span dir=\"ltr\">turschutz und nukleare Sicherheit ins Deutsche \u00fcbersetzt und den Kommunen zur Ver<\/span><\/span><span id=\"page506R_mcid14\"><span dir=\"ltr\">\u00ad<\/span><\/span><span id=\"page506R_mcid15\"><span dir=\"ltr\">f\u00fcgung gestellt.<\/span><\/span><\/p>\n<p><span dir=\"ltr\">Gemeinsam mit meinen Kolleg*innen Rosi Steinberger und Christian Hierneis befragte ich vor diesem Hintergrund die Staatsregierung. Die Anfrage und die Antwort der Staatsregierung finden Sie <a href=\"http:\/\/www1.bayern.landtag.de\/www\/ElanTextAblage_WP18\/Drucksachen\/Schriftliche%20Anfragen\/18_0008201.pdf\" target=\"_blank\" rel=\"noopener noreferrer\">hier<\/a>. <\/span><\/p>\n","protected":false},"excerpt":{"rendered":"<p>Auf Anregung des Staatsministeriums f\u00fcr Gesundheit und Pflege wurde der Public Health Advice des Regionalb\u00fcros f\u00fcr Europa der Weltgesundheitsorganisation (WHO) \u201eOn Preventing Health Effects of Heat\u201c durch das Bundesministerium f\u00fcr [&hellip;]<\/p>\n","protected":false},"author":-1,"featured_media":0,"comment_status":"closed","ping_status":"closed","sticky":false,"template":"","format":"standard","meta":{"footnotes":""},"categories":[45,77,83],"tags":[],"class_list":["post-344","post","type-post","status-publish","format-standard","hentry","category-anfragen-im-landtag-2","category-schriftliche-anfragen","category-staatliches-handeln-verwaltung-san"],"_links":{"self":[{"href":"https:\/\/patrick-friedl.de\/wps\/wp-json\/wp\/v2\/posts\/344","targetHints":{"allow":["GET"]}}],"collection":[{"href":"https:\/\/patrick-friedl.de\/wps\/wp-json\/wp\/v2\/posts"}],"about":[{"href":"https:\/\/patrick-friedl.de\/wps\/wp-json\/wp\/v2\/types\/post"}],"author":[{"embeddable":true,"href":"https:\/\/patrick-friedl.de\/wps\/wp-json\/wp\/v2\/users\/8"}],"replies":[{"embeddable":true,"href":"https:\/\/patrick-friedl.de\/wps\/wp-json\/wp\/v2\/comments?post=344"}],"version-history":[{"count":1,"href":"https:\/\/patrick-friedl.de\/wps\/wp-json\/wp\/v2\/posts\/344\/revisions"}],"predecessor-version":[{"id":1858,"href":"https:\/\/patrick-friedl.de\/wps\/wp-json\/wp\/v2\/posts\/344\/revisions\/1858"}],"wp:attachment":[{"href":"https:\/\/patrick-friedl.de\/wps\/wp-json\/wp\/v2\/media?parent=344"}],"wp:term":[{"taxonomy":"category","embeddable":true,"href":"https:\/\/patrick-friedl.de\/wps\/wp-json\/wp\/v2\/categories?post=344"},{"taxonomy":"post_tag","embeddable":true,"href":"https:\/\/patrick-friedl.de\/wps\/wp-json\/wp\/v2\/tags?post=344"}],"curies":[{"name":"wp","href":"https:\/\/api.w.org\/{rel}","templated":true}]}}