{"id":343,"date":"2020-05-13T14:58:09","date_gmt":"2020-05-13T13:58:09","guid":{"rendered":"https:\/\/patrick-friedl.de\/wps\/2021\/06\/17\/schriftliche-anfrage-abwasserabgabe-in-bayern\/"},"modified":"2025-06-03T14:27:02","modified_gmt":"2025-06-03T13:27:02","slug":"schriftliche-anfrage-abwasserabgabe-in-bayern","status":"publish","type":"post","link":"https:\/\/patrick-friedl.de\/wps\/2020\/05\/13\/schriftliche-anfrage-abwasserabgabe-in-bayern\/","title":{"rendered":"Schriftliche Anfrage: Abwasserabgabe in Bayern"},"content":{"rendered":"<p><span id=\"page374R_mcid6\"><span dir=\"ltr\">Die 1976 eingef\u00fchrte Abwasserabgabe ist die \u00e4lteste Umweltabgabe in Deutschland. <\/span><\/span><span id=\"page374R_mcid7\"><span dir=\"ltr\">Sie wird seit 1981 erhoben f\u00fcr das \u201eEinleiten von Abwasser in ein Gew\u00e4sser\u201c (\u00a7<\/span><span dir=\"ltr\">1 Ab<\/span><\/span><span id=\"page374R_mcid8\"><\/span><span id=\"page374R_mcid9\"><span dir=\"ltr\">wasserabgabengesetz \u2013 AbwAG), nach der Sch\u00e4dlichkeit des Abwassers bemessen <\/span><\/span><span id=\"page374R_mcid10\"><span dir=\"ltr\">(\u00a7<\/span><span dir=\"ltr\">3 AbwAG) und bei Einhaltung der abwasserrechtlichen Erfordernisse reduziert (\u00a7<\/span><span dir=\"ltr\">9<\/span><\/span><span id=\"page374R_mcid11\"><span dir=\"ltr\">Abs.<\/span><span dir=\"ltr\">5 AbwAG). Die H\u00f6he der Abgabe pro Schadeinheit ist seit 01.01.2002 unver\u00e4ndert.<\/span><\/span><span id=\"page374R_mcid12\"><span dir=\"ltr\">Durch die Abwasserabgabe wird ferner die Vorgabe der EU-Wasserrahmenrichtlinie <\/span><\/span><span id=\"page374R_mcid13\"><span dir=\"ltr\">umgesetzt, wonach zur Kostendeckung f\u00fcr Wasserdienstleistungen auch die Umwelt- <\/span><\/span><span id=\"page374R_mcid14\"><span dir=\"ltr\">und Ressourcenkosten anzusetzen sind. Auch f\u00fcr die Restverschmutzung der Gew\u00e4s<\/span><\/span><span id=\"page374R_mcid15\"><\/span><span id=\"page374R_mcid16\"><span dir=\"ltr\">ser bei Einhaltung aller gesetzlichen Anforderungen ist deshalb ein finanzieller Aus<\/span><\/span><span id=\"page374R_mcid17\"><\/span><span id=\"page374R_mcid18\"><span dir=\"ltr\">gleich zu treffen.<\/span><\/span><\/p>\n<p><span dir=\"ltr\">Vor diesem Hintergrund befragten meine Kolleg*innen Rosi Steinberger, Christian Hierneis und ich die Staatsregierung. Die Anfrage und Antwort der Staatsregierung finden Sie <a href=\"http:\/\/www1.bayern.landtag.de\/www\/ElanTextAblage_WP18\/Drucksachen\/Schriftliche%20Anfragen\/18_0007913.pdf\" target=\"_blank\" rel=\"noopener noreferrer\">hier<\/a>. <\/span><\/p>\n","protected":false},"excerpt":{"rendered":"<p>Die 1976 eingef\u00fchrte Abwasserabgabe ist die \u00e4lteste Umweltabgabe in Deutschland. Sie wird seit 1981 erhoben f\u00fcr das \u201eEinleiten von Abwasser in ein Gew\u00e4sser\u201c (\u00a71 Abwasserabgabengesetz \u2013 AbwAG), nach der Sch\u00e4dlichkeit [&hellip;]<\/p>\n","protected":false},"author":-1,"featured_media":0,"comment_status":"closed","ping_status":"closed","sticky":false,"template":"","format":"standard","meta":{"footnotes":""},"categories":[45,77,83,80],"tags":[],"class_list":["post-343","post","type-post","status-publish","format-standard","hentry","category-anfragen-im-landtag-2","category-schriftliche-anfragen","category-staatliches-handeln-verwaltung-san","category-wasser-gewaesser-san"],"_links":{"self":[{"href":"https:\/\/patrick-friedl.de\/wps\/wp-json\/wp\/v2\/posts\/343","targetHints":{"allow":["GET"]}}],"collection":[{"href":"https:\/\/patrick-friedl.de\/wps\/wp-json\/wp\/v2\/posts"}],"about":[{"href":"https:\/\/patrick-friedl.de\/wps\/wp-json\/wp\/v2\/types\/post"}],"author":[{"embeddable":true,"href":"https:\/\/patrick-friedl.de\/wps\/wp-json\/wp\/v2\/users\/8"}],"replies":[{"embeddable":true,"href":"https:\/\/patrick-friedl.de\/wps\/wp-json\/wp\/v2\/comments?post=343"}],"version-history":[{"count":1,"href":"https:\/\/patrick-friedl.de\/wps\/wp-json\/wp\/v2\/posts\/343\/revisions"}],"predecessor-version":[{"id":1857,"href":"https:\/\/patrick-friedl.de\/wps\/wp-json\/wp\/v2\/posts\/343\/revisions\/1857"}],"wp:attachment":[{"href":"https:\/\/patrick-friedl.de\/wps\/wp-json\/wp\/v2\/media?parent=343"}],"wp:term":[{"taxonomy":"category","embeddable":true,"href":"https:\/\/patrick-friedl.de\/wps\/wp-json\/wp\/v2\/categories?post=343"},{"taxonomy":"post_tag","embeddable":true,"href":"https:\/\/patrick-friedl.de\/wps\/wp-json\/wp\/v2\/tags?post=343"}],"curies":[{"name":"wp","href":"https:\/\/api.w.org\/{rel}","templated":true}]}}