{"id":342,"date":"2020-07-01T14:41:26","date_gmt":"2020-07-01T13:41:26","guid":{"rendered":"https:\/\/patrick-friedl.de\/wps\/2021\/06\/17\/schriftliche-anfrage-konsequenzen-aus-den-hitzesommern-2018-und-2019-fuer-den-kuenftigen-gesundheits-und-bevoelkerungsschutz-in-bayern\/"},"modified":"2025-06-03T14:18:12","modified_gmt":"2025-06-03T13:18:12","slug":"schriftliche-anfrage-konsequenzen-aus-den-hitzesommern-2018-und-2019-fuer-den-kuenftigen-gesundheits-und-bevoelkerungsschutz-in-bayern","status":"publish","type":"post","link":"https:\/\/patrick-friedl.de\/wps\/2020\/07\/01\/schriftliche-anfrage-konsequenzen-aus-den-hitzesommern-2018-und-2019-fuer-den-kuenftigen-gesundheits-und-bevoelkerungsschutz-in-bayern\/","title":{"rendered":"Schriftliche Anfrage: Konsequenzen aus den Hitzesommern 2018 und 2019 f\u00fcr den k\u00fcnftigen Gesundheits- und Bev\u00f6lkerungsschutz in Bayern"},"content":{"rendered":"<p><span id=\"page432R_mcid8\"><span dir=\"ltr\">Der anhaltenden Hitze im Sommer 2018 folgte ein weiterer Hitzesommer 2019. Be<\/span><\/span><span id=\"page432R_mcid9\"><span dir=\"ltr\">\u00ad<\/span><\/span><span id=\"page432R_mcid10\"><span dir=\"ltr\">z\u00fcglich der zunehmenden Belastungen des menschlichen Organismus, insbesondere <\/span><\/span><span id=\"page432R_mcid11\"><span dir=\"ltr\">bei besonders gef\u00e4hrdeten Personengruppen (bei \u00e4lteren, isoliert lebenden und\/oder <\/span><\/span><span id=\"page432R_mcid12\"><span dir=\"ltr\">pflegebed\u00fcrftigen Menschen, Menschen mit chronischen Erkrankungen, S\u00e4uglingen, <\/span><\/span><span id=\"page432R_mcid13\"><span dir=\"ltr\">Kleinkindern, Personen mit thermophysiologischen Anpassungsproblemen, Personen <\/span><\/span><span id=\"page432R_mcid14\"><span dir=\"ltr\">in Au\u00dfenberufen), befragten meine Kolleg*innen Rosi Steinberger, Christian Hierneis, Christina Haubrich, Andreas Krahl und ich die Staatsregierung. <br \/><\/span><\/span><\/p>\n<p><span dir=\"ltr\">Die Anfrage und Antwort der Staatsregierung finden Sie <a href=\"http:\/\/www1.bayern.landtag.de\/www\/ElanTextAblage_WP18\/Drucksachen\/Schriftliche%20Anfragen\/18_0008899.pdf\" target=\"_blank\" rel=\"noopener noreferrer\">hier<\/a>. <\/span><\/p>\n","protected":false},"excerpt":{"rendered":"<p>Der anhaltenden Hitze im Sommer 2018 folgte ein weiterer Hitzesommer 2019. Be\u00adz\u00fcglich der zunehmenden Belastungen des menschlichen Organismus, insbesondere bei besonders gef\u00e4hrdeten Personengruppen (bei \u00e4lteren, isoliert lebenden und\/oder pflegebed\u00fcrftigen Menschen, [&hellip;]<\/p>\n","protected":false},"author":-1,"featured_media":0,"comment_status":"closed","ping_status":"closed","sticky":false,"template":"","format":"standard","meta":{"footnotes":""},"categories":[45,77,83],"tags":[],"class_list":["post-342","post","type-post","status-publish","format-standard","hentry","category-anfragen-im-landtag-2","category-schriftliche-anfragen","category-staatliches-handeln-verwaltung-san"],"_links":{"self":[{"href":"https:\/\/patrick-friedl.de\/wps\/wp-json\/wp\/v2\/posts\/342","targetHints":{"allow":["GET"]}}],"collection":[{"href":"https:\/\/patrick-friedl.de\/wps\/wp-json\/wp\/v2\/posts"}],"about":[{"href":"https:\/\/patrick-friedl.de\/wps\/wp-json\/wp\/v2\/types\/post"}],"author":[{"embeddable":true,"href":"https:\/\/patrick-friedl.de\/wps\/wp-json\/wp\/v2\/users\/8"}],"replies":[{"embeddable":true,"href":"https:\/\/patrick-friedl.de\/wps\/wp-json\/wp\/v2\/comments?post=342"}],"version-history":[{"count":1,"href":"https:\/\/patrick-friedl.de\/wps\/wp-json\/wp\/v2\/posts\/342\/revisions"}],"predecessor-version":[{"id":1856,"href":"https:\/\/patrick-friedl.de\/wps\/wp-json\/wp\/v2\/posts\/342\/revisions\/1856"}],"wp:attachment":[{"href":"https:\/\/patrick-friedl.de\/wps\/wp-json\/wp\/v2\/media?parent=342"}],"wp:term":[{"taxonomy":"category","embeddable":true,"href":"https:\/\/patrick-friedl.de\/wps\/wp-json\/wp\/v2\/categories?post=342"},{"taxonomy":"post_tag","embeddable":true,"href":"https:\/\/patrick-friedl.de\/wps\/wp-json\/wp\/v2\/tags?post=342"}],"curies":[{"name":"wp","href":"https:\/\/api.w.org\/{rel}","templated":true}]}}