{"id":341,"date":"2020-07-01T14:37:12","date_gmt":"2020-07-01T13:37:12","guid":{"rendered":"https:\/\/patrick-friedl.de\/wps\/2021\/06\/17\/schriftliche-anfrage-funktionsfaehigkeit-des-gruenzugs-hachinger-tal-als-frischluftschneise-fuer-muenchen\/"},"modified":"2025-06-03T14:24:49","modified_gmt":"2025-06-03T13:24:49","slug":"schriftliche-anfrage-funktionsfaehigkeit-des-gruenzugs-hachinger-tal-als-frischluftschneise-fuer-muenchen","status":"publish","type":"post","link":"https:\/\/patrick-friedl.de\/wps\/2020\/07\/01\/schriftliche-anfrage-funktionsfaehigkeit-des-gruenzugs-hachinger-tal-als-frischluftschneise-fuer-muenchen\/","title":{"rendered":"Schriftliche Anfrage: Funktionsf\u00e4higkeit des Gr\u00fcnzugs Hachinger Tal als Frischluftschneise f\u00fcr M\u00fcnchen"},"content":{"rendered":"<p><span id=\"page198R_mcid8\"><span dir=\"ltr\">Das Landesentwicklungsprogramm schreibt vor, dass bei Konflikten zwischen Raum<\/span><\/span><span id=\"page198R_mcid9\"><span dir=\"ltr\">\u00ad<\/span><\/span><span id=\"page198R_mcid10\"><span dir=\"ltr\">nutzungsanspr\u00fcchen und \u00f6kologischer Belastbarkeit den \u00f6kologischen Belangen Vor<\/span><\/span><span id=\"page198R_mcid11\"><span dir=\"ltr\">\u00ad<\/span><\/span><span id=\"page198R_mcid12\"><span dir=\"ltr\">rang zu leisten ist. Auch im M\u00fcnchner Regionalplan wird die Freihaltung der noch vor<\/span><\/span><span id=\"page198R_mcid13\"><\/span><span id=\"page198R_mcid14\"><span dir=\"ltr\">handenen Freir\u00e4ume um den Hachinger Bach (Hachinger Tal) gefordert. Allgemein <\/span><\/span><span id=\"page198R_mcid15\"><span dir=\"ltr\">sollen bei der r\u00e4umlichen Entwicklung klimatische Gebietseigenschaften ber\u00fccksich<\/span><\/span><span id=\"page198R_mcid16\"><span dir=\"ltr\">\u00ad<\/span><\/span><span id=\"page198R_mcid17\"><span dir=\"ltr\">tigt werden. Au\u00dferdem wurde im Februar 2017 ein \u201eB\u00fcrgergutachten zur Entwicklung <\/span><\/span><span id=\"page198R_mcid18\"><span dir=\"ltr\">der Region M\u00fcnchen\u201c vom Regionalen Planungsverband durchgef\u00fchrt. Als besonders <\/span><\/span><span id=\"page198R_mcid19\"><span dir=\"ltr\">wichtig und zukunftsrelevant wurden die Funktionen von Freir\u00e4umen hervorgehoben, <\/span><\/span><span id=\"page198R_mcid20\"><span dir=\"ltr\">vorhandenes Gr\u00fcn solle erhalten bleiben oder sogar ausgebaut werden.<\/span><\/span><span id=\"page198R_mcid21\"><span dir=\"ltr\">Dabei gilt es, das Stadtklima und die Frischluftzufuhr gerade vor dem Hintergrund der <\/span><\/span><span id=\"page198R_mcid22\"><span dir=\"ltr\">Klima\u00fcberhitzung f\u00fcr k\u00fcnftige Generationen zu sichern.<\/span><\/span><span id=\"page198R_mcid23\"><span dir=\"ltr\">Durch ein Bebauungsvorhaben der Gemeinde Neubiberg ist die Kaltluftleitbahn bei <\/span><\/span><span id=\"page198R_mcid24\"><span dir=\"ltr\">Unterbiberg, mit sehr hoher bioklimatischer Bedeutung f\u00fcr mehr als hunderttausend <\/span><\/span><span id=\"page198R_mcid25\"><span dir=\"ltr\">Menschen im M\u00fcnchner S\u00fcden, gef\u00e4hrdet.<\/span><\/span><\/p>\n<p><span dir=\"ltr\">Dazu befragten Claudia K\u00f6hler, Christian Hierneis und ich die Staatsregierung. Die Anfrage und Antwort finden Sie <a href=\"http:\/\/www1.bayern.landtag.de\/www\/ElanTextAblage_WP18\/Drucksachen\/Schriftliche%20Anfragen\/18_0008938.pdf\" target=\"_blank\" rel=\"noopener noreferrer\">hier<\/a>. <\/span><\/p>\n","protected":false},"excerpt":{"rendered":"<p>Das Landesentwicklungsprogramm schreibt vor, dass bei Konflikten zwischen Raum\u00adnutzungsanspr\u00fcchen und \u00f6kologischer Belastbarkeit den \u00f6kologischen Belangen Vor\u00adrang zu leisten ist. Auch im M\u00fcnchner Regionalplan wird die Freihaltung der noch vorhandenen Freir\u00e4ume [&hellip;]<\/p>\n","protected":false},"author":-1,"featured_media":0,"comment_status":"closed","ping_status":"closed","sticky":false,"template":"","format":"standard","meta":{"footnotes":""},"categories":[82,45,77],"tags":[],"class_list":["post-341","post","type-post","status-publish","format-standard","hentry","category-landwirtschaft-flaechennutzung-san","category-anfragen-im-landtag-2","category-schriftliche-anfragen"],"_links":{"self":[{"href":"https:\/\/patrick-friedl.de\/wps\/wp-json\/wp\/v2\/posts\/341","targetHints":{"allow":["GET"]}}],"collection":[{"href":"https:\/\/patrick-friedl.de\/wps\/wp-json\/wp\/v2\/posts"}],"about":[{"href":"https:\/\/patrick-friedl.de\/wps\/wp-json\/wp\/v2\/types\/post"}],"author":[{"embeddable":true,"href":"https:\/\/patrick-friedl.de\/wps\/wp-json\/wp\/v2\/users\/8"}],"replies":[{"embeddable":true,"href":"https:\/\/patrick-friedl.de\/wps\/wp-json\/wp\/v2\/comments?post=341"}],"version-history":[{"count":1,"href":"https:\/\/patrick-friedl.de\/wps\/wp-json\/wp\/v2\/posts\/341\/revisions"}],"predecessor-version":[{"id":1855,"href":"https:\/\/patrick-friedl.de\/wps\/wp-json\/wp\/v2\/posts\/341\/revisions\/1855"}],"wp:attachment":[{"href":"https:\/\/patrick-friedl.de\/wps\/wp-json\/wp\/v2\/media?parent=341"}],"wp:term":[{"taxonomy":"category","embeddable":true,"href":"https:\/\/patrick-friedl.de\/wps\/wp-json\/wp\/v2\/categories?post=341"},{"taxonomy":"post_tag","embeddable":true,"href":"https:\/\/patrick-friedl.de\/wps\/wp-json\/wp\/v2\/tags?post=341"}],"curies":[{"name":"wp","href":"https:\/\/api.w.org\/{rel}","templated":true}]}}