{"id":340,"date":"2020-06-22T14:27:44","date_gmt":"2020-06-22T13:27:44","guid":{"rendered":"https:\/\/patrick-friedl.de\/wps\/2021\/06\/17\/schriftliche-anfrage-personelle-situation-in-der-hochschule-fuer-musik-in-wuerzburg-hfm\/"},"modified":"2025-06-03T14:25:41","modified_gmt":"2025-06-03T13:25:41","slug":"schriftliche-anfrage-personelle-situation-in-der-hochschule-fuer-musik-in-wuerzburg-hfm","status":"publish","type":"post","link":"https:\/\/patrick-friedl.de\/wps\/2020\/06\/22\/schriftliche-anfrage-personelle-situation-in-der-hochschule-fuer-musik-in-wuerzburg-hfm\/","title":{"rendered":"Schriftliche Anfrage: Personelle Situation in der Hochschule f\u00fcr Musik in W\u00fcrzburg (HfM)"},"content":{"rendered":"<p>In einer Presseerkl\u00e4rung zu Statements des Obersten Rechnungshofes (ORH) der Hochschule f\u00fcr Musik in W\u00fcrzburg vom 01.05.2020 hei\u00dft es: &#8222;Einige Referate unserer Verwaltung sind hoffnungslos unterbesetzt, das betrifft ganz besonders die Bereiche Haushalt und Personal.&#8220; Gerade in der aktuellen Situation sind Hochschulverwaltungen allgemein au\u00dferordentlichen Belastungen ausgesetzt.<\/p>\n<p>Meine Anfrage hierzu und die Antwort der Staatsregierung finden Sie <a href=\"http:\/\/www1.bayern.landtag.de\/www\/ElanTextAblage_WP18\/Drucksachen\/Schriftliche%20Anfragen\/18_0008524.pdf\" target=\"_blank\" rel=\"noopener noreferrer\">hier<\/a>.<\/p>\n","protected":false},"excerpt":{"rendered":"<p>In einer Presseerkl\u00e4rung zu Statements des Obersten Rechnungshofes (ORH) der Hochschule f\u00fcr Musik in W\u00fcrzburg vom 01.05.2020 hei\u00dft es: &#8222;Einige Referate unserer Verwaltung sind hoffnungslos unterbesetzt, das betrifft ganz besonders [&hellip;]<\/p>\n","protected":false},"author":-1,"featured_media":0,"comment_status":"closed","ping_status":"closed","sticky":false,"template":"","format":"standard","meta":{"footnotes":""},"categories":[45,77,83],"tags":[],"class_list":["post-340","post","type-post","status-publish","format-standard","hentry","category-anfragen-im-landtag-2","category-schriftliche-anfragen","category-staatliches-handeln-verwaltung-san"],"_links":{"self":[{"href":"https:\/\/patrick-friedl.de\/wps\/wp-json\/wp\/v2\/posts\/340","targetHints":{"allow":["GET"]}}],"collection":[{"href":"https:\/\/patrick-friedl.de\/wps\/wp-json\/wp\/v2\/posts"}],"about":[{"href":"https:\/\/patrick-friedl.de\/wps\/wp-json\/wp\/v2\/types\/post"}],"author":[{"embeddable":true,"href":"https:\/\/patrick-friedl.de\/wps\/wp-json\/wp\/v2\/users\/8"}],"replies":[{"embeddable":true,"href":"https:\/\/patrick-friedl.de\/wps\/wp-json\/wp\/v2\/comments?post=340"}],"version-history":[{"count":1,"href":"https:\/\/patrick-friedl.de\/wps\/wp-json\/wp\/v2\/posts\/340\/revisions"}],"predecessor-version":[{"id":1854,"href":"https:\/\/patrick-friedl.de\/wps\/wp-json\/wp\/v2\/posts\/340\/revisions\/1854"}],"wp:attachment":[{"href":"https:\/\/patrick-friedl.de\/wps\/wp-json\/wp\/v2\/media?parent=340"}],"wp:term":[{"taxonomy":"category","embeddable":true,"href":"https:\/\/patrick-friedl.de\/wps\/wp-json\/wp\/v2\/categories?post=340"},{"taxonomy":"post_tag","embeddable":true,"href":"https:\/\/patrick-friedl.de\/wps\/wp-json\/wp\/v2\/tags?post=340"}],"curies":[{"name":"wp","href":"https:\/\/api.w.org\/{rel}","templated":true}]}}