{"id":335,"date":"2021-05-13T13:53:43","date_gmt":"2021-05-13T12:53:43","guid":{"rendered":"https:\/\/patrick-friedl.de\/wps\/2021\/05\/13\/staatsregierung-verschleppt-reaktivierung-der-mainschleifenbahn\/"},"modified":"2021-05-13T13:53:43","modified_gmt":"2021-05-13T12:53:43","slug":"staatsregierung-verschleppt-reaktivierung-der-mainschleifenbahn","status":"publish","type":"post","link":"https:\/\/patrick-friedl.de\/wps\/2021\/05\/13\/staatsregierung-verschleppt-reaktivierung-der-mainschleifenbahn\/","title":{"rendered":"Staatsregierung verschleppt Reaktivierung der Mainschleifenbahn"},"content":{"rendered":"<p><strong>MdL Friedl kritisiert fehlende Unterst\u00fctzung Bahnreaktivierungen durch Ministerpr\u00e4sident S\u00f6der<\/strong><\/p>\n<p><img loading=\"lazy\" decoding=\"async\" class=\" size-full wp-image-334\" src=\"http:\/\/patrick-friedl.de\/wps\/wp-content\/uploads\/2021\/05\/Steigerwaldbahn_-_Foto.jpg\" alt=\"\" width=\"900\" height=\"900\" srcset=\"https:\/\/patrick-friedl.de\/wps\/wp-content\/uploads\/2021\/05\/Steigerwaldbahn_-_Foto.jpg 900w, https:\/\/patrick-friedl.de\/wps\/wp-content\/uploads\/2021\/05\/Steigerwaldbahn_-_Foto-300x300.jpg 300w, https:\/\/patrick-friedl.de\/wps\/wp-content\/uploads\/2021\/05\/Steigerwaldbahn_-_Foto-150x150.jpg 150w, https:\/\/patrick-friedl.de\/wps\/wp-content\/uploads\/2021\/05\/Steigerwaldbahn_-_Foto-768x768.jpg 768w\" sizes=\"auto, (max-width: 900px) 100vw, 900px\" \/><\/p>\n<p>Mit einer Anfrage zum Zeitplan der Bem\u00fchungen des Freistaats um eine Reaktivierung der Mainschleifenbahn wendete sich der W\u00fcrzburger MdL Patrick Friedl an die Bayerische Staatsregierung. Patrick Friedl: \u201eDie Antwort ist mehr als ern\u00fcchternd. Die Verantwortung f\u00fcr einen Zeitplan l\u00e4dt die Staatsregierung allein bei den Landkreisen Kitzingen und W\u00fcrzburg ab. Zugleich gibt sie keine Zeitangaben \u00fcber die Pr\u00fcfzeitr\u00e4ume im Verkehrsministerium, keine Hinweise zum Verfahren und verschiebt ohne Begr\u00fcndung einen m\u00f6glichen Startzeitpunkt um fast zwei Jahre von Januar 2026 auf Dezember 2027 und das unter \u2018Finanzierungsvorbehalt\u2018.\u201c<\/p>\n<p><!--more--><\/p>\n<p>Noch gestern hat Ministerpr\u00e4sident Markus S\u00f6der in einer Pressekonferenz zum Abschluss der Arbeitstagung der CSU-Landtagsfraktion zu den zus\u00e4tzlichen Klimaschutzbem\u00fchungen der Staatsregierung w\u00f6rtlich ge\u00e4u\u00dfert: \u201eWir werden versuchen Nebenbahnen st\u00e4rker zu reaktivieren.\u201c MdL Patrick Friedl: \u201eWenn dies den neuen Schwung der Staatsregierung in Sachen Klimaschutz und M\u00f6bilit\u00e4tswende in Bayern signalisieren soll, so ist dies der n\u00e4chste Rohrkrepierer von Markus S\u00f6der. Ich fordere den Ministerpr\u00e4sidenten auf, seinen wohlklingenden Worten endlich einmal Taten folgen zu lassen.\u201c Friedl fordert eine Bahn-, Reaktivierungs- und \u00d6PNV-Offensive f\u00fcr Unterfranken.<\/p>\n<p>\u201eWir wollen von der Bayerischen Staatsregierung endlich positive Signale f\u00fcr Bachgaubahn, Lohrer Stadtbahn, Steigerwaldbahn oder Werrntalbahn, sowie einen verl\u00e4sslichen Zeitplan f\u00fcr die Reaktivierung der Mainschleifenbahn, damit eine Reaktivierung zum Januar 2026 klappen kann\u201c, so Patrick Friedl. \u201eUnd wir warten noch immer auf eine \u00d6PNV-Strategie und Mobilit\u00e4tsgarantie f\u00fcr ganz Unterfranken, damit wir eine Anbindung aller Orte mindestens im Stundentakt von morgens 5 Uhr bis Mitternacht bekommen. Was Baden-W\u00fcrttemberg kann und jetzt im Koalitionsvertrag bis 2026 vereinbart hat, sollte Bayern auch k\u00f6nnen!\u201c<\/p>\n<p>Hieraus zitiert in dem <a href=\"https:\/\/www.mainpost.de\/regional\/kitzingen\/mainschleifenbahn-warum-kitzingens-landraetin-bischof-sauer-ist-art-10606466\">Mainpost-Artikel<\/a> vom 20.05.2021.<\/p>\n","protected":false},"excerpt":{"rendered":"<p>MdL Friedl kritisiert fehlende Unterst\u00fctzung Bahnreaktivierungen durch Ministerpr\u00e4sident S\u00f6der Mit einer Anfrage zum Zeitplan der Bem\u00fchungen des Freistaats um eine Reaktivierung der Mainschleifenbahn wendete sich der W\u00fcrzburger MdL Patrick Friedl [&hellip;]<\/p>\n","protected":false},"author":-1,"featured_media":334,"comment_status":"open","ping_status":"open","sticky":false,"template":"","format":"standard","meta":{"footnotes":""},"categories":[3],"tags":[],"class_list":["post-335","post","type-post","status-publish","format-standard","has-post-thumbnail","hentry","category-landtag"],"_links":{"self":[{"href":"https:\/\/patrick-friedl.de\/wps\/wp-json\/wp\/v2\/posts\/335","targetHints":{"allow":["GET"]}}],"collection":[{"href":"https:\/\/patrick-friedl.de\/wps\/wp-json\/wp\/v2\/posts"}],"about":[{"href":"https:\/\/patrick-friedl.de\/wps\/wp-json\/wp\/v2\/types\/post"}],"author":[{"embeddable":true,"href":"https:\/\/patrick-friedl.de\/wps\/wp-json\/wp\/v2\/users\/8"}],"replies":[{"embeddable":true,"href":"https:\/\/patrick-friedl.de\/wps\/wp-json\/wp\/v2\/comments?post=335"}],"version-history":[{"count":0,"href":"https:\/\/patrick-friedl.de\/wps\/wp-json\/wp\/v2\/posts\/335\/revisions"}],"wp:featuredmedia":[{"embeddable":true,"href":"https:\/\/patrick-friedl.de\/wps\/wp-json\/wp\/v2\/media\/334"}],"wp:attachment":[{"href":"https:\/\/patrick-friedl.de\/wps\/wp-json\/wp\/v2\/media?parent=335"}],"wp:term":[{"taxonomy":"category","embeddable":true,"href":"https:\/\/patrick-friedl.de\/wps\/wp-json\/wp\/v2\/categories?post=335"},{"taxonomy":"post_tag","embeddable":true,"href":"https:\/\/patrick-friedl.de\/wps\/wp-json\/wp\/v2\/tags?post=335"}],"curies":[{"name":"wp","href":"https:\/\/api.w.org\/{rel}","templated":true}]}}