{"id":333,"date":"2021-05-12T13:46:22","date_gmt":"2021-05-12T12:46:22","guid":{"rendered":"https:\/\/patrick-friedl.de\/wps\/2021\/05\/12\/mdl-friedl-statement-zur-arbeitstagung-der-csu-fraktion\/"},"modified":"2021-05-12T13:46:22","modified_gmt":"2021-05-12T12:46:22","slug":"mdl-friedl-statement-zur-arbeitstagung-der-csu-fraktion","status":"publish","type":"post","link":"https:\/\/patrick-friedl.de\/wps\/2021\/05\/12\/mdl-friedl-statement-zur-arbeitstagung-der-csu-fraktion\/","title":{"rendered":"MdL Friedl: Statement zur Arbeitstagung der CSU-Fraktion"},"content":{"rendered":"<p><strong>MdL Friedl kritisiert Erkl\u00e4rung von Ministerpr\u00e4sident Markus S\u00f6der auf der Abschluss-Pressekonferenz zum Forderungspapier der CSU-Landtagsfraktion \u201eKlimaschutz \u2013 Verantwortung f\u00fcr zuk\u00fcnftige Generationen gerecht werden&#8220;<\/strong><\/p>\n<p><strong><img loading=\"lazy\" decoding=\"async\" class=\" size-full wp-image-332\" src=\"http:\/\/patrick-friedl.de\/wps\/wp-content\/uploads\/2021\/05\/B90-Gruene_Sharepic_10H_Aktion_Instagramm_1080x1080px_Patrick.jpg\" alt=\"\" width=\"2160\" height=\"2160\" srcset=\"https:\/\/patrick-friedl.de\/wps\/wp-content\/uploads\/2021\/05\/B90-Gruene_Sharepic_10H_Aktion_Instagramm_1080x1080px_Patrick.jpg 2160w, https:\/\/patrick-friedl.de\/wps\/wp-content\/uploads\/2021\/05\/B90-Gruene_Sharepic_10H_Aktion_Instagramm_1080x1080px_Patrick-300x300.jpg 300w, https:\/\/patrick-friedl.de\/wps\/wp-content\/uploads\/2021\/05\/B90-Gruene_Sharepic_10H_Aktion_Instagramm_1080x1080px_Patrick-1024x1024.jpg 1024w, https:\/\/patrick-friedl.de\/wps\/wp-content\/uploads\/2021\/05\/B90-Gruene_Sharepic_10H_Aktion_Instagramm_1080x1080px_Patrick-150x150.jpg 150w, https:\/\/patrick-friedl.de\/wps\/wp-content\/uploads\/2021\/05\/B90-Gruene_Sharepic_10H_Aktion_Instagramm_1080x1080px_Patrick-768x768.jpg 768w, https:\/\/patrick-friedl.de\/wps\/wp-content\/uploads\/2021\/05\/B90-Gruene_Sharepic_10H_Aktion_Instagramm_1080x1080px_Patrick-1536x1536.jpg 1536w, https:\/\/patrick-friedl.de\/wps\/wp-content\/uploads\/2021\/05\/B90-Gruene_Sharepic_10H_Aktion_Instagramm_1080x1080px_Patrick-2048x2048.jpg 2048w\" sizes=\"auto, (max-width: 2160px) 100vw, 2160px\" \/><\/strong><\/p>\n<p>Patrick Friedl: &#8222;Das ist alter Wein in alten Schl\u00e4uchen, was Ministerpr\u00e4sident S\u00f6der da ank\u00fcndigt. Z\u00f6gerliche Umsetzung der versch\u00e4rften EU-Klima-Ziele, nach 10 Monaten Unt\u00e4tigkeit erneute Ank\u00fcndigung einer Solarpflicht und weitere unverbindliche Ank\u00fcndigungen sowie wohlfeile Forderungen an den Bund. Wenn das &#8222;Topp&#8220;-Priorit\u00e4t hei\u00dft, dann bleibt Bayern mit der CSU Bremsklotz beim Klimaschutz. Trauriges Beispiel daf\u00fcr ist das starrsinnige Festhalten am 10H-Beschluss der zum Ende des Ausbaus der Windkraft in Bayern gef\u00fchrt hat. So steuert S\u00f6der das selbsternannte &#8218;Wohlf\u00fchlland Bayern&#8220; in die drohende Klimakatastrophe. Immerhin erkennt er an, dass eine Hei\u00dfzeit droht und Bayern deshalb einen Beitrag zur Weltrettung leisten m\u00fcsste. Nur so wir das nichts.&#8220;<\/p>\n<p>Hieraus zitiert in dem <a href=\"https:\/\/www.mainpost.de\/ueberregional\/bayern\/klimaschutz-in-bayern-soeder-will-keine-neuregelung-fuer-windraeder-art-10603583\">Mainpost-Artikel<\/a> vom 13.05.2021.<\/p>\n","protected":false},"excerpt":{"rendered":"<p>MdL Friedl kritisiert Erkl\u00e4rung von Ministerpr\u00e4sident Markus S\u00f6der auf der Abschluss-Pressekonferenz zum Forderungspapier der CSU-Landtagsfraktion \u201eKlimaschutz \u2013 Verantwortung f\u00fcr zuk\u00fcnftige Generationen gerecht werden&#8220; Patrick Friedl: &#8222;Das ist alter Wein in [&hellip;]<\/p>\n","protected":false},"author":-1,"featured_media":332,"comment_status":"open","ping_status":"open","sticky":false,"template":"","format":"standard","meta":{"footnotes":""},"categories":[3],"tags":[],"class_list":["post-333","post","type-post","status-publish","format-standard","has-post-thumbnail","hentry","category-landtag"],"_links":{"self":[{"href":"https:\/\/patrick-friedl.de\/wps\/wp-json\/wp\/v2\/posts\/333","targetHints":{"allow":["GET"]}}],"collection":[{"href":"https:\/\/patrick-friedl.de\/wps\/wp-json\/wp\/v2\/posts"}],"about":[{"href":"https:\/\/patrick-friedl.de\/wps\/wp-json\/wp\/v2\/types\/post"}],"author":[{"embeddable":true,"href":"https:\/\/patrick-friedl.de\/wps\/wp-json\/wp\/v2\/users\/8"}],"replies":[{"embeddable":true,"href":"https:\/\/patrick-friedl.de\/wps\/wp-json\/wp\/v2\/comments?post=333"}],"version-history":[{"count":0,"href":"https:\/\/patrick-friedl.de\/wps\/wp-json\/wp\/v2\/posts\/333\/revisions"}],"wp:featuredmedia":[{"embeddable":true,"href":"https:\/\/patrick-friedl.de\/wps\/wp-json\/wp\/v2\/media\/332"}],"wp:attachment":[{"href":"https:\/\/patrick-friedl.de\/wps\/wp-json\/wp\/v2\/media?parent=333"}],"wp:term":[{"taxonomy":"category","embeddable":true,"href":"https:\/\/patrick-friedl.de\/wps\/wp-json\/wp\/v2\/categories?post=333"},{"taxonomy":"post_tag","embeddable":true,"href":"https:\/\/patrick-friedl.de\/wps\/wp-json\/wp\/v2\/tags?post=333"}],"curies":[{"name":"wp","href":"https:\/\/api.w.org\/{rel}","templated":true}]}}