{"id":326,"date":"2021-05-18T12:11:44","date_gmt":"2021-05-18T11:11:44","guid":{"rendered":"https:\/\/patrick-friedl.de\/wps\/2021\/05\/18\/rede-zum-artenschutz\/"},"modified":"2021-05-18T12:11:44","modified_gmt":"2021-05-18T11:11:44","slug":"rede-zum-artenschutz","status":"publish","type":"post","link":"https:\/\/patrick-friedl.de\/wps\/2021\/05\/18\/rede-zum-artenschutz\/","title":{"rendered":"Rede zum Artenschutz"},"content":{"rendered":"<p>Lasst uns die Bienen und die kleinb\u00e4uerliche Landwirtschaft retten! Wir sind mitten im Artenschwund &#8211; ausgel\u00f6st durch den Strukturwandel der Landwirtschaft, Stickstoffeintr\u00e4ge, Flurbereinigung, Pestizide, fortgesetzte Fl\u00e4cheninspruchnahme, Auswirkungen des Klimawandels&#8230;<\/p>\n<p><iframe loading=\"lazy\" title=\"YouTube video player\" src=\"https:\/\/www.youtube-nocookie.com\/embed\/wWjkfF9uj74\" width=\"850\" height=\"425\" frameborder=\"0\" allowfullscreen=\"allowfullscreen\"><\/iframe><\/p>\n","protected":false},"excerpt":{"rendered":"<p>Lasst uns die Bienen und die kleinb\u00e4uerliche Landwirtschaft retten! Wir sind mitten im Artenschwund &#8211; ausgel\u00f6st durch den Strukturwandel der Landwirtschaft, Stickstoffeintr\u00e4ge, Flurbereinigung, Pestizide, fortgesetzte Fl\u00e4cheninspruchnahme, Auswirkungen des Klimawandels&#8230;<\/p>\n","protected":false},"author":-1,"featured_media":0,"comment_status":"open","ping_status":"open","sticky":false,"template":"","format":"standard","meta":{"footnotes":""},"categories":[44],"tags":[],"class_list":["post-326","post","type-post","status-publish","format-standard","hentry","category-reden-im-landtag"],"_links":{"self":[{"href":"https:\/\/patrick-friedl.de\/wps\/wp-json\/wp\/v2\/posts\/326","targetHints":{"allow":["GET"]}}],"collection":[{"href":"https:\/\/patrick-friedl.de\/wps\/wp-json\/wp\/v2\/posts"}],"about":[{"href":"https:\/\/patrick-friedl.de\/wps\/wp-json\/wp\/v2\/types\/post"}],"author":[{"embeddable":true,"href":"https:\/\/patrick-friedl.de\/wps\/wp-json\/wp\/v2\/users\/8"}],"replies":[{"embeddable":true,"href":"https:\/\/patrick-friedl.de\/wps\/wp-json\/wp\/v2\/comments?post=326"}],"version-history":[{"count":0,"href":"https:\/\/patrick-friedl.de\/wps\/wp-json\/wp\/v2\/posts\/326\/revisions"}],"wp:attachment":[{"href":"https:\/\/patrick-friedl.de\/wps\/wp-json\/wp\/v2\/media?parent=326"}],"wp:term":[{"taxonomy":"category","embeddable":true,"href":"https:\/\/patrick-friedl.de\/wps\/wp-json\/wp\/v2\/categories?post=326"},{"taxonomy":"post_tag","embeddable":true,"href":"https:\/\/patrick-friedl.de\/wps\/wp-json\/wp\/v2\/tags?post=326"}],"curies":[{"name":"wp","href":"https:\/\/api.w.org\/{rel}","templated":true}]}}