{"id":321,"date":"2021-04-29T16:55:05","date_gmt":"2021-04-29T15:55:05","guid":{"rendered":"https:\/\/patrick-friedl.de\/wps\/2021\/04\/29\/mdl-friedl-stellungnahme-zum-bundesverfassungsgerichtsurteil-zum-klimaschutzgesetz-2\/"},"modified":"2021-04-29T16:55:05","modified_gmt":"2021-04-29T15:55:05","slug":"mdl-friedl-stellungnahme-zum-bundesverfassungsgerichtsurteil-zum-klimaschutzgesetz-2","status":"publish","type":"post","link":"https:\/\/patrick-friedl.de\/wps\/2021\/04\/29\/mdl-friedl-stellungnahme-zum-bundesverfassungsgerichtsurteil-zum-klimaschutzgesetz-2\/","title":{"rendered":"MdL Friedl: Stellungnahme zum Bundesverfassungsgerichtsurteil zum Klimaschutzgesetz"},"content":{"rendered":"<p><strong><img loading=\"lazy\" decoding=\"async\" class=\" size-full wp-image-177\" src=\"http:\/\/patrick-friedl.de\/wps\/wp-content\/uploads\/2019\/09\/csm_Friedl_am_Baum_d0d818b609.jpg\" alt=\"\" width=\"600\" height=\"524\" srcset=\"https:\/\/patrick-friedl.de\/wps\/wp-content\/uploads\/2019\/09\/csm_Friedl_am_Baum_d0d818b609.jpg 600w, https:\/\/patrick-friedl.de\/wps\/wp-content\/uploads\/2019\/09\/csm_Friedl_am_Baum_d0d818b609-300x262.jpg 300w\" sizes=\"auto, (max-width: 600px) 100vw, 600px\" \/><\/strong><\/p>\n<p><strong>Verfassungsbeschwerde gegen das Klimaschutzgesetz teilweise erfolgreich<\/strong><\/p>\n<p>&#8222;Ich bin ganz aus dem H\u00e4uschen. Das ist der verfassungsrechtliche Durchbruch f\u00fcr eine konsequente Klimaschutz-Gesetzgebung in Deutschland. Die Begriffe epochal und bahnbrechend sind auch mir dazu gleich eingefallen. Mich beeindruckt Mut, Klarheit und Weisheit dieser Entscheidung. Das Verfassungsgericht leitet aus den Freiheitsgrundrechten ein Recht auf gute Zukunft und Leben auch f\u00fcr kommende Generationen ab. Dies ist ein wichtiges Hoffnung machendes Signal, dass der Staat klare Vorgaben machen muss, welche Treibhausgasmengen in welchem Zeitraum noch ausgesto\u00dfen werden d\u00fcrfen. Ma\u00dfstab sind die auch von Deutschland ratifizierten Klimaschutzziele von Paris, um m\u00f6glichst eine weltweite Klimaerw\u00e4rmung von 1,5 Grad nicht zu \u00fcberschreiten. Dies ist ein guter Tag f\u00fcr unsere Kinder und noch nicht geborenen Kindeskinder!&#8220;<\/p>\n<p>Links zum Bundesverfassungsgerichtsurteil:<\/p>\n<p style=\"font-size: 11pt; font-family: Calibri,sans-serif; margin: 0;\"><span style=\"font-size: 10pt;\"><a href=\"https:\/\/www.bundesverfassungsgericht.de\/SharedDocs\/Pressemitteilungen\/DE\/2021\/bvg21-031.html\" target=\"_blank\" rel=\"noopener noreferrer\" data-auth=\"NotApplicable\" data-linkindex=\"0\">https:\/\/www.bundesverfassungsgericht.de\/SharedDocs\/Pressemitteilungen\/DE\/2021\/bvg21-031.html<\/a><\/span><\/p>\n<p style=\"font-size: 11pt; font-family: Calibri,sans-serif; margin: 0;\"><span style=\"font-size: 10pt;\">\u00a0<\/span><\/p>\n<p style=\"font-size: 11pt; font-family: Calibri,sans-serif; margin: 0;\"><span style=\"font-size: 10pt;\"><a href=\"https:\/\/www.bundesverfassungsgericht.de\/SharedDocs\/Entscheidungen\/DE\/2021\/03\/rs20210324_1bvr265618.html\" target=\"_blank\" rel=\"noopener noreferrer\" data-auth=\"NotApplicable\" data-linkindex=\"1\">https:\/\/www.bundesverfassungsgericht.de\/SharedDocs\/Entscheidungen\/DE\/2021\/03\/rs20210324_1bvr265618.html<\/a><\/span><\/p>\n<p style=\"font-size: 11pt; font-family: Calibri,sans-serif; margin: 0;\">\u00a0<\/p>\n<p><!--more--><\/p>\n<p style=\"font-size: 11pt; font-family: Calibri,sans-serif; margin: 0;\">\u00a0<\/p>\n<p style=\"font-size: 11pt; font-family: Calibri,sans-serif; margin: 0;\"><span style=\"font-size: 10pt;\">wichtige Ausz\u00fcge:<\/span><\/p>\n<p style=\"font-size: 11pt; font-family: Calibri,sans-serif; margin: 0;\"><span style=\"font-size: 10pt;\">\u00a0<\/span><\/p>\n<p style=\"font-size: 11pt; font-family: Calibri,sans-serif; margin: 0;\"><span style=\"font-size: 10pt;\">&#8222;Schutzpflicht des Staates umfasst auch die Verpflichtung, Leben und Gesundheit vor den Gefahren des Klimawandels zu sch\u00fctzen. [\u2026]<\/span><\/p>\n<p style=\"font-size: 11pt; font-family: Calibri,sans-serif; margin: 0;\"><span style=\"font-size: 10pt;\">\u00a0<\/span><\/p>\n<p style=\"font-size: 11pt; font-family: Calibri,sans-serif; margin: 0;\"><span style=\"font-size: 10pt;\">Art. 20a GG verpflichtet den Staat zum Klimaschutz. Dies zielt auch auf die Herstellung von Klimaneutralit\u00e4t. [\u2026]<\/span><\/p>\n<p style=\"font-size: 11pt; font-family: Calibri,sans-serif; margin: 0;\"><span style=\"font-size: 10pt;\">\u00a0<\/span><\/p>\n<p style=\"font-size: 11pt; font-family: Calibri,sans-serif; margin: 0;\"><span style=\"font-size: 10pt;\">Das relative Gewicht des Klimaschutzgebots nimmt in der Abw\u00e4gung bei fortschreitendem Klimawandel weiter zu. [\u2026]<\/span><\/p>\n<p style=\"font-size: 11pt; font-family: Calibri,sans-serif; margin: 0;\"><span style=\"font-size: 10pt;\">\u00a0<\/span><\/p>\n<p style=\"font-size: 11pt; font-family: Calibri,sans-serif; margin: 0;\"><span style=\"font-size: 10pt;\">Bereits belastbare Hinweise auf die M\u00f6glichkeit gravierender oder irreversibler Beeintr\u00e4chtigungen sind zu ber\u00fccksichtigen. [\u2026]<\/span><\/p>\n<p style=\"font-size: 11pt; font-family: Calibri,sans-serif; margin: 0;\"><span style=\"font-size: 10pt;\">\u00a0<\/span><\/p>\n<p style=\"font-size: 11pt; font-family: Calibri,sans-serif; margin: 0;\"><span style=\"font-size: 10pt;\">Als Klimaschutzgebot hat Art. 20a GG eine internationale Dimension. \u2026 Der Staat kann sich seiner Verantwortung nicht durch den Hinweis auf die Treibhausgasemissionen in anderen Staaten entziehen. [\u2026]<\/span><\/p>\n<p style=\"font-size: 11pt; font-family: Calibri,sans-serif; margin: 0;\"><span style=\"font-size: 10pt;\">\u00a0<\/span><\/p>\n<p style=\"font-size: 11pt; font-family: Calibri,sans-serif; margin: 0;\"><span style=\"font-size: 10pt;\">In Wahrnehmung seines Konkretisierungsauftrags und seiner Konkretisierungspr\u00e4rogative hat der Gesetzgeber das Klimaschutzziel des Art. 20a GG aktuell verfassungsrechtlich zul\u00e4ssig dahingehend bestimmt, dass der Anstieg der globalen Durchschnittstemperatur auf deutlich unter 2 \u00b0C und m\u00f6glichst auf 1,5 \u00b0C gegen\u00fcber dem vorindustriellen Niveau zu begrenzen ist. [\u2026]<\/span><\/p>\n<p style=\"font-size: 11pt; font-family: Calibri,sans-serif; margin: 0;\"><span style=\"font-size: 10pt;\">\u00a0<\/span><\/p>\n<p style=\"font-size: 11pt; font-family: Calibri,sans-serif; margin: 0;\"><span style=\"font-size: 10pt;\">Art. 20a GG ist eine justiziable Rechtsnorm, die den politischen Prozess zugunsten \u00f6kologischer Belange auch mit Blick auf die k\u00fcnftigen Generationen binden soll. [\u2026]<\/span><\/p>\n<p style=\"font-size: 11pt; font-family: Calibri,sans-serif; margin: 0;\"><span style=\"font-size: 10pt;\">\u00a0<\/span><\/p>\n<p style=\"font-size: 11pt; font-family: Calibri,sans-serif; margin: 0;\"><span style=\"font-size: 10pt;\">Subjektivrechtlich sch\u00fctzen die Grundrechte als intertemporale Freiheitssicherung vor einer einseitigen Verlagerung der durch Art. 20a GG aufgegebenen Treibhausgasminderungslast in die Zukunft. \u2026 Art. 20a GG schlie\u00dft die Notwendigkeit ein, mit den nat\u00fcrlichen Lebensgrundlagen so sorgsam umzugehen und sie der Nachwelt in solchem Zustand zu hinterlassen, dass nachfolgende Generationen diese nicht nur um den Preis radikaler eigener Enthaltsamkeit weiter bewahren k\u00f6nnten. [\u2026]<\/span><\/p>\n<p style=\"font-size: 11pt; font-family: Calibri,sans-serif; margin: 0;\"><span style=\"font-size: 10pt;\">\u00a0<\/span><\/p>\n<p style=\"font-size: 11pt; font-family: Calibri,sans-serif; margin: 0;\"><span style=\"font-size: 10pt;\">Die Schonung k\u00fcnftiger Freiheit verlangt auch, den \u00dcbergang zu Klimaneutralit\u00e4t rechtzeitig einzuleiten. Konkret erfordert dies, dass fr\u00fchzeitig transparente Ma\u00dfgaben f\u00fcr die weitere Ausgestaltung der Treibhausgasreduktion formuliert werden, die f\u00fcr die erforderlichen Entwicklungs- und Umsetzungsprozesse Orientierung bieten und diesen ein hinreichendes Ma\u00df an Entwicklungsdruck und Planungssicherheit vermitteln. [\u2026]<\/span><\/p>\n<p style=\"font-size: 11pt; font-family: Calibri,sans-serif; margin: 0;\"><span style=\"font-size: 10pt;\">\u00a0<\/span><\/p>\n<p style=\"font-size: 11pt; font-family: Calibri,sans-serif; margin: 0;\"><span style=\"font-size: 10pt;\">Der Gesetzgeber muss die erforderlichen Regelungen zur Gr\u00f6\u00dfe der f\u00fcr bestimmte Zeitr\u00e4ume insgesamt zugelassenen Emissionsmengen selbst treffen.\u201c<\/span><\/p>\n","protected":false},"excerpt":{"rendered":"<p>Verfassungsbeschwerde gegen das Klimaschutzgesetz teilweise erfolgreich &#8222;Ich bin ganz aus dem H\u00e4uschen. Das ist der verfassungsrechtliche Durchbruch f\u00fcr eine konsequente Klimaschutz-Gesetzgebung in Deutschland. Die Begriffe epochal und bahnbrechend sind auch [&hellip;]<\/p>\n","protected":false},"author":-1,"featured_media":177,"comment_status":"open","ping_status":"open","sticky":false,"template":"","format":"standard","meta":{"footnotes":""},"categories":[32],"tags":[],"class_list":["post-321","post","type-post","status-publish","format-standard","has-post-thumbnail","hentry","category-pressemitteilungen-naturschutz"],"_links":{"self":[{"href":"https:\/\/patrick-friedl.de\/wps\/wp-json\/wp\/v2\/posts\/321","targetHints":{"allow":["GET"]}}],"collection":[{"href":"https:\/\/patrick-friedl.de\/wps\/wp-json\/wp\/v2\/posts"}],"about":[{"href":"https:\/\/patrick-friedl.de\/wps\/wp-json\/wp\/v2\/types\/post"}],"author":[{"embeddable":true,"href":"https:\/\/patrick-friedl.de\/wps\/wp-json\/wp\/v2\/users\/8"}],"replies":[{"embeddable":true,"href":"https:\/\/patrick-friedl.de\/wps\/wp-json\/wp\/v2\/comments?post=321"}],"version-history":[{"count":0,"href":"https:\/\/patrick-friedl.de\/wps\/wp-json\/wp\/v2\/posts\/321\/revisions"}],"wp:featuredmedia":[{"embeddable":true,"href":"https:\/\/patrick-friedl.de\/wps\/wp-json\/wp\/v2\/media\/177"}],"wp:attachment":[{"href":"https:\/\/patrick-friedl.de\/wps\/wp-json\/wp\/v2\/media?parent=321"}],"wp:term":[{"taxonomy":"category","embeddable":true,"href":"https:\/\/patrick-friedl.de\/wps\/wp-json\/wp\/v2\/categories?post=321"},{"taxonomy":"post_tag","embeddable":true,"href":"https:\/\/patrick-friedl.de\/wps\/wp-json\/wp\/v2\/tags?post=321"}],"curies":[{"name":"wp","href":"https:\/\/api.w.org\/{rel}","templated":true}]}}