{"id":3200,"date":"2021-12-16T13:23:00","date_gmt":"2021-12-16T13:23:00","guid":{"rendered":"https:\/\/patrick-friedl.de\/wps\/?p=3200"},"modified":"2025-11-06T13:24:38","modified_gmt":"2025-11-06T13:24:38","slug":"schriftliche-anfrage-zustand-der-stauseen-und-talsperren-in-bayern","status":"publish","type":"post","link":"https:\/\/patrick-friedl.de\/wps\/2021\/12\/16\/schriftliche-anfrage-zustand-der-stauseen-und-talsperren-in-bayern\/","title":{"rendered":"Schriftliche Anfrage: Zustand der Stauseen und Talsperren in Bayern"},"content":{"rendered":"\n<p>In dieser schriftlichen Anfrage wird die Staatsregierung zum Zustand der Stauseen und Talsperren in Bayern befragt. Die Anfrage konzentriert sich auf gr\u00f6\u00dfere Wasserspeicher \u00fcber 0,5 Mio. Kubikmeter, sowohl staatliche als auch nicht staatliche. Erfragt werden unter anderem Name, Standort, Errichtungsjahr, mittlerer und maximaler Speicherinhalt sowie die Ergebnisse der letzten \u00dcberpr\u00fcfungen durch die staatliche Stauanlagenaufsicht. Weiterhin wird nach der Auslegung auf Extremhochwasser, der Gew\u00e4hrleistung ausreichender Abfl\u00fcsse bei Starkregen sowie nach Problemen in den letzten 20 Jahren gefragt. Au\u00dferdem interessiert es, welche Wasserspeicher \u00fcber ein Hochwassermanagementsystem zur Absenkung des Wasserspiegels verf\u00fcgen und ob eine fl\u00e4chendeckende Ausstattung geplant ist. Die Anfrage soll einen umfassenden \u00dcberblick \u00fcber Sicherheits-, Management- und Gef\u00e4hrdungsaspekte der bayerischen Stauseen und Talsperren liefern.<\/p>\n\n\n\n<p><a href=\"http:\/\/patrick-friedl.de\/wps\/wp-content\/uploads\/2025\/11\/18_0019571.pdf\">Die Antwort der Staatsregierung. <\/a><\/p>\n","protected":false},"excerpt":{"rendered":"<p>In dieser schriftlichen Anfrage wird die Staatsregierung zum Zustand der Stauseen und Talsperren in Bayern befragt. Die Anfrage konzentriert sich auf gr\u00f6\u00dfere Wasserspeicher \u00fcber 0,5 Mio. Kubikmeter, sowohl staatliche als [&hellip;]<\/p>\n","protected":false},"author":-1,"featured_media":0,"comment_status":"closed","ping_status":"closed","sticky":false,"template":"","format":"standard","meta":{"footnotes":""},"categories":[45,77],"tags":[],"class_list":["post-3200","post","type-post","status-publish","format-standard","hentry","category-anfragen-im-landtag-2","category-schriftliche-anfragen"],"_links":{"self":[{"href":"https:\/\/patrick-friedl.de\/wps\/wp-json\/wp\/v2\/posts\/3200","targetHints":{"allow":["GET"]}}],"collection":[{"href":"https:\/\/patrick-friedl.de\/wps\/wp-json\/wp\/v2\/posts"}],"about":[{"href":"https:\/\/patrick-friedl.de\/wps\/wp-json\/wp\/v2\/types\/post"}],"author":[{"embeddable":true,"href":"https:\/\/patrick-friedl.de\/wps\/wp-json\/wp\/v2\/users\/8"}],"replies":[{"embeddable":true,"href":"https:\/\/patrick-friedl.de\/wps\/wp-json\/wp\/v2\/comments?post=3200"}],"version-history":[{"count":1,"href":"https:\/\/patrick-friedl.de\/wps\/wp-json\/wp\/v2\/posts\/3200\/revisions"}],"predecessor-version":[{"id":3201,"href":"https:\/\/patrick-friedl.de\/wps\/wp-json\/wp\/v2\/posts\/3200\/revisions\/3201"}],"wp:attachment":[{"href":"https:\/\/patrick-friedl.de\/wps\/wp-json\/wp\/v2\/media?parent=3200"}],"wp:term":[{"taxonomy":"category","embeddable":true,"href":"https:\/\/patrick-friedl.de\/wps\/wp-json\/wp\/v2\/categories?post=3200"},{"taxonomy":"post_tag","embeddable":true,"href":"https:\/\/patrick-friedl.de\/wps\/wp-json\/wp\/v2\/tags?post=3200"}],"curies":[{"name":"wp","href":"https:\/\/api.w.org\/{rel}","templated":true}]}}